{"id":173947,"date":"2025-06-12T09:15:21","date_gmt":"2025-06-12T12:15:21","guid":{"rendered":"https:\/\/cdnoticias.com\/?p=173947"},"modified":"2025-06-12T16:11:48","modified_gmt":"2025-06-12T19:11:48","slug":"recuperan-en-un-domicilio-una-bicicleta-robada","status":"publish","type":"post","link":"https:\/\/cdnoticias.com\/index.php\/2025\/06\/12\/recuperan-en-un-domicilio-una-bicicleta-robada\/","title":{"rendered":"Recuperan en un domicilio una bicicleta robada"},"content":{"rendered":"<p>El rodado fue hallado en el sector de Urquiza e Hip\u00f3lito Yrigoyen. Un hombre de 39 a\u00f1os, con numerosos antecedentes penales, qued\u00f3 imputado por \u201churto\u201d.<!--more--><\/p>\n<hr \/>\n<p>Una<strong> bicicleta<\/strong> que hab\u00eda sido <strong>denunciada como robada<\/strong> fue <strong>recuperada por personal policial<\/strong> en inmediaciones de <strong>avenida Urquiza e Hip\u00f3lito Yrigoyen.<\/strong><\/p>\n<blockquote><p>El robo se dio el martes y motiv\u00f3 una denuncia en la sede de la Comisar\u00eda Segunda. De acuerdo con lo que se pudo saber, un hombre le habr\u00eda robado una bicicleta marca Fide Bird, modelo 2020, rodado 29, a una mujer en circunstancias a\u00fan bajo investigaci\u00f3n. Se pudo saber que consta en la denuncia que no se ejerci\u00f3 violencia al cometer el delito.<\/p><\/blockquote>\n<p>Gracias a tareas de patrullaje, <strong>se logr\u00f3 dar con el rodado en el interior de un inmueble<\/strong>. Tras recuperar la bicicleta, se procedi\u00f3 a su <strong>devoluci\u00f3n a la propietaria<\/strong>.<\/p>\n<p>Por el hecho fue <strong>notificado un hombre de 39 a\u00f1os<\/strong>. Se trata de una persona que<strong> cuenta con numerosos antecedentes penales<\/strong> en Olavarr\u00eda. Qued\u00f3<strong> imputado<\/strong> en una causa caratulada como<strong> \u201churto, art\u00edculo 162 del C\u00f3digo Penal\u201d<\/strong>, con intervenci\u00f3n de la <strong>Ayudant\u00eda Fiscal de Autores Ignorados de la UFI N\u00ba 10<\/strong>.<\/p>\n","protected":false},"excerpt":{"rendered":"<p>El rodado fue hallado en el sector de Urquiza e Hip\u00f3lito Yrigoyen. Un hombre de 39 a\u00f1os, con numerosos antecedentes<\/p>\n","protected":false},"author":4,"featured_media":173948,"comment_status":"closed","ping_status":"closed","sticky":false,"template":"","format":"standard","meta":{"_jetpack_memberships_contains_paid_content":false,"footnotes":""},"categories":[14,1],"tags":[],"class_list":["post-173947","post","type-post","status-publish","format-standard","has-post-thumbnail","hentry","category-policiales","category-portada"],"jetpack_featured_media_url":"https:\/\/i0.wp.com\/cdnoticias.com\/wp-content\/uploads\/2025\/06\/urquiza-e-yrigoyen-hurto.jpg?fit=1000%2C556&ssl=1","jetpack_sharing_enabled":true,"_links":{"self":[{"href":"https:\/\/cdnoticias.com\/index.php\/wp-json\/wp\/v2\/posts\/173947","targetHints":{"allow":["GET"]}}],"collection":[{"href":"https:\/\/cdnoticias.com\/index.php\/wp-json\/wp\/v2\/posts"}],"about":[{"href":"https:\/\/cdnoticias.com\/index.php\/wp-json\/wp\/v2\/types\/post"}],"author":[{"embeddable":true,"href":"https:\/\/cdnoticias.com\/index.php\/wp-json\/wp\/v2\/users\/4"}],"replies":[{"embeddable":true,"href":"https:\/\/cdnoticias.com\/index.php\/wp-json\/wp\/v2\/comments?post=173947"}],"version-history":[{"count":0,"href":"https:\/\/cdnoticias.com\/index.php\/wp-json\/wp\/v2\/posts\/173947\/revisions"}],"wp:featuredmedia":[{"embeddable":true,"href":"https:\/\/cdnoticias.com\/index.php\/wp-json\/wp\/v2\/media\/173948"}],"wp:attachment":[{"href":"https:\/\/cdnoticias.com\/index.php\/wp-json\/wp\/v2\/media?parent=173947"}],"wp:term":[{"taxonomy":"category","embeddable":true,"href":"https:\/\/cdnoticias.com\/index.php\/wp-json\/wp\/v2\/categories?post=173947"},{"taxonomy":"post_tag","embeddable":true,"href":"https:\/\/cdnoticias.com\/index.php\/wp-json\/wp\/v2\/tags?post=173947"}],"curies":[{"name":"wp","href":"https:\/\/api.w.org\/{rel}","templated":true}]}}