{"id":173847,"date":"2025-06-11T12:19:14","date_gmt":"2025-06-11T15:19:14","guid":{"rendered":"https:\/\/cdnoticias.com\/?p=173847"},"modified":"2025-06-11T12:19:17","modified_gmt":"2025-06-11T15:19:17","slug":"belen-vergel-la-justicia-empieza-a-despertar","status":"publish","type":"post","link":"https:\/\/cdnoticias.com\/index.php\/2025\/06\/11\/belen-vergel-la-justicia-empieza-a-despertar\/","title":{"rendered":"Bel\u00e9n Vergel: \u201cLa justicia empieza a despertar\u201d"},"content":{"rendered":"<p>La presidenta de la UCR se pronunci\u00f3 sobre la decisi\u00f3n de la Corte de confirmar el fallo contra la ex presidenta, Cristina Fern\u00e1ndez. Tambi\u00e9n lo hicieron los concejales Francisco Gonz\u00e1lez y Sebasti\u00e1n Matrella.<!--more--><\/p>\n<hr \/>\n<p>La<strong> presidente de la UCR de Olavarr\u00eda, Bel\u00e9n Vergel<\/strong>, se pronunci\u00f3 sobre la <a href=\"https:\/\/cdnoticias.com\/index.php\/2025\/06\/10\/la-corte-suprema-confirmo-la-condena-a-cristina-kirchner-no-podra-presentarse-a-elecciones-y-debera-cumplir-prision\/\" target=\"_blank\" rel=\"noopener\">decisi\u00f3n de la Corte Suprema<\/a> de <strong>confirmar el fallo contra Cristina Fern\u00e1ndez<\/strong>. Asimismo, lo hicieron los concejales radicales, Francisco Gonz\u00e1lez y Sebasti\u00e1n Matrella.<\/p>\n<blockquote><p>\u201cDespu\u00e9s de tantos a\u00f1os de impunidad, burlas y atropellos, el juicio de detenci\u00f3n de Cristina Fern\u00e1ndez de Kirchner no es una causa judicial m\u00e1s, sino algo mucho m\u00e1s profundo, ver una justicia que durante demasiado tiempo estuvo condicionada y manoseada\u201d sostuvo Vergel.<\/p><\/blockquote>\n<p><img data-recalc-dims=\"1\" loading=\"lazy\" decoding=\"async\" class=\"alignnone size-large wp-image-132548 aligncenter\" src=\"https:\/\/i0.wp.com\/cdnoticias.com\/wp-content\/uploads\/2024\/12\/ucr-asuncion-vergel6.jpg?resize=800%2C445&#038;ssl=1\" alt=\"\" width=\"800\" height=\"445\" srcset=\"https:\/\/i0.wp.com\/cdnoticias.com\/wp-content\/uploads\/2024\/12\/ucr-asuncion-vergel6.jpg?resize=1024%2C569&amp;ssl=1 1024w, https:\/\/i0.wp.com\/cdnoticias.com\/wp-content\/uploads\/2024\/12\/ucr-asuncion-vergel6.jpg?resize=300%2C167&amp;ssl=1 300w, https:\/\/i0.wp.com\/cdnoticias.com\/wp-content\/uploads\/2024\/12\/ucr-asuncion-vergel6.jpg?resize=768%2C427&amp;ssl=1 768w, https:\/\/i0.wp.com\/cdnoticias.com\/wp-content\/uploads\/2024\/12\/ucr-asuncion-vergel6.jpg?resize=800%2C445&amp;ssl=1 800w, https:\/\/i0.wp.com\/cdnoticias.com\/wp-content\/uploads\/2024\/12\/ucr-asuncion-vergel6.jpg?w=1072&amp;ssl=1 1072w\" sizes=\"auto, (max-width: 800px) 100vw, 800px\" \/><\/p>\n<p>La titular consider\u00f3 que \u201cpor a\u00f1os, los argentinos fuimos testigos de corrupci\u00f3n, se despreciaron las instituciones de la Rep\u00fablica. La justicia fue un tel\u00f3n para encubrir los peores delitos contra el Estado\u201d. Y sigui\u00f3, \u201cla noticia m\u00e1s esperada no es simplemente la detenci\u00f3n de un nombre propio, sino <strong>el mensaje que lleva consigo: la corrupci\u00f3n se paga\u201d.<\/strong><\/p>\n<p>\u201cEmpezamos a ver que la verdad, tarde o temprano, llega. Porque <strong>un pa\u00eds sin justicia est\u00e1 condenado a repetir sus errores, a eternizar su decadencia<\/strong>. Pero un pa\u00eds donde la corrupci\u00f3n se enfrenta, se investiga y se condena, es un pa\u00eds que puede empezar a mirar hacia adelante\u201d cerr\u00f3 la presidente de la Uni\u00f3n C\u00edvica Radical de Olavarr\u00eda.<\/p>\n<h3>\u201cTriste\u201d e \u201cimportante\u201d<\/h3>\n<p>Los <strong>concejales radicales<\/strong> tambi\u00e9n se expresaron sobre la definici\u00f3n judicial que implica la confirmaci\u00f3n de prisi\u00f3n para la ex presidenta Cristian Fern\u00e1ndez.<\/p>\n<p><img data-recalc-dims=\"1\" loading=\"lazy\" decoding=\"async\" class=\"alignnone size-full wp-image-119160 aligncenter\" src=\"https:\/\/i0.wp.com\/cdnoticias.com\/wp-content\/uploads\/2024\/06\/matrella-gonzalez.png?resize=800%2C466&#038;ssl=1\" alt=\"\" width=\"800\" height=\"466\" srcset=\"https:\/\/i0.wp.com\/cdnoticias.com\/wp-content\/uploads\/2024\/06\/matrella-gonzalez.png?w=886&amp;ssl=1 886w, https:\/\/i0.wp.com\/cdnoticias.com\/wp-content\/uploads\/2024\/06\/matrella-gonzalez.png?resize=300%2C175&amp;ssl=1 300w, https:\/\/i0.wp.com\/cdnoticias.com\/wp-content\/uploads\/2024\/06\/matrella-gonzalez.png?resize=768%2C447&amp;ssl=1 768w\" sizes=\"auto, (max-width: 800px) 100vw, 800px\" \/><\/p>\n<blockquote><p>\u201cM\u00e1s all\u00e1 que con la confirmaci\u00f3n de la condena se haya hecho justicia, creo que es un d\u00eda triste para la democracia. No me nace celebrar la prisi\u00f3n de una presidente de nuestra naci\u00f3n. Merecemos mejores dirigentes, honestos y capaces, que no utilicen el Estado para enriquecerse\u201d defini\u00f3 el concejal Francisco Gonz\u00e1lez.<\/p><\/blockquote>\n<p>En sus redes sociales manifest\u00f3 su deseo de<strong> \u201cque esto sea un precedente<\/strong> para que se condene a todos los gobiernos corruptos que tanto mal le han hecho al pa\u00eds, y recuperemos una dirigencia que nos lidere con ejemplaridad\u201d.<\/p>\n<p>En tanto, <strong>Sebasti\u00e1n Matrella<\/strong> expres\u00f3 este martes: \u201ces un d\u00eda muy importante para el pa\u00eds porque la justicia dio muestras de que todos debemos ser iguales ante la ley. Cristina fue condenada por 14 jueces en diferentes instancias. <strong>La plata robada por la corrupci\u00f3n se ve en la pobreza y en la falta de infraestructura\u201d<\/strong>.<\/p>\n","protected":false},"excerpt":{"rendered":"<p>La presidenta de la UCR se pronunci\u00f3 sobre la decisi\u00f3n de la Corte de confirmar el fallo contra la ex<\/p>\n","protected":false},"author":4,"featured_media":64399,"comment_status":"closed","ping_status":"closed","sticky":false,"template":"","format":"standard","meta":{"_jetpack_memberships_contains_paid_content":false,"footnotes":""},"categories":[4,1],"tags":[],"class_list":["post-173847","post","type-post","status-publish","format-standard","has-post-thumbnail","hentry","category-politica","category-portada"],"jetpack_featured_media_url":"https:\/\/i0.wp.com\/cdnoticias.com\/wp-content\/uploads\/2022\/09\/HCD-belen-vergel.jpg?fit=800%2C445&ssl=1","jetpack_sharing_enabled":true,"_links":{"self":[{"href":"https:\/\/cdnoticias.com\/index.php\/wp-json\/wp\/v2\/posts\/173847","targetHints":{"allow":["GET"]}}],"collection":[{"href":"https:\/\/cdnoticias.com\/index.php\/wp-json\/wp\/v2\/posts"}],"about":[{"href":"https:\/\/cdnoticias.com\/index.php\/wp-json\/wp\/v2\/types\/post"}],"author":[{"embeddable":true,"href":"https:\/\/cdnoticias.com\/index.php\/wp-json\/wp\/v2\/users\/4"}],"replies":[{"embeddable":true,"href":"https:\/\/cdnoticias.com\/index.php\/wp-json\/wp\/v2\/comments?post=173847"}],"version-history":[{"count":0,"href":"https:\/\/cdnoticias.com\/index.php\/wp-json\/wp\/v2\/posts\/173847\/revisions"}],"wp:featuredmedia":[{"embeddable":true,"href":"https:\/\/cdnoticias.com\/index.php\/wp-json\/wp\/v2\/media\/64399"}],"wp:attachment":[{"href":"https:\/\/cdnoticias.com\/index.php\/wp-json\/wp\/v2\/media?parent=173847"}],"wp:term":[{"taxonomy":"category","embeddable":true,"href":"https:\/\/cdnoticias.com\/index.php\/wp-json\/wp\/v2\/categories?post=173847"},{"taxonomy":"post_tag","embeddable":true,"href":"https:\/\/cdnoticias.com\/index.php\/wp-json\/wp\/v2\/tags?post=173847"}],"curies":[{"name":"wp","href":"https:\/\/api.w.org\/{rel}","templated":true}]}}