{"id":173829,"date":"2025-06-10T21:58:31","date_gmt":"2025-06-11T00:58:31","guid":{"rendered":"https:\/\/cdnoticias.com\/?p=173829"},"modified":"2025-06-11T10:59:17","modified_gmt":"2025-06-11T13:59:17","slug":"el-peronismo-local-se-movilizo-en-repudio-a-la-condena-a-cristina-fernandez-de-kirchner","status":"publish","type":"post","link":"https:\/\/cdnoticias.com\/index.php\/2025\/06\/10\/el-peronismo-local-se-movilizo-en-repudio-a-la-condena-a-cristina-fernandez-de-kirchner\/","title":{"rendered":"El peronismo local se moviliz\u00f3 en repudio a la condena a Cristina Fern\u00e1ndez de Kirchner"},"content":{"rendered":"\n<p>Fue encabezado por el intendente Wesner y figuras como el titular del PJ local, Federico Aguilera. Hubo expresiones de repudio y se\u00f1alaron que \u201cnos une\u201d el \u201cfallo de la injusticia\u201d.<\/p>\n\n\n\n<hr class=\"wp-block-separator aligncenter has-alpha-channel-opacity\"\/>\n\n\n\n<p>A ra\u00edz de la decisi\u00f3n de la Corte Suprema de Justicia que confirm\u00f3 la condena a seis a\u00f1os de prisi\u00f3n e inhabilitaci\u00f3n para ejercer cargos p\u00fablicos contra la expresidenta Cristina Fern\u00e1ndez de Kirchner<strong>, dirigentes y militantes del peronismo olavarriense se concentraron este martes por la tarde en la sede del Partido Justicialista local, en repudio al fallo.<\/strong><\/p>\n\n\n\n<p><\/p>\n\n\n\n<figure class=\"wp-block-image size-full\"><img data-recalc-dims=\"1\" loading=\"lazy\" decoding=\"async\" width=\"800\" height=\"600\" src=\"https:\/\/i0.wp.com\/cdnoticias.com\/wp-content\/uploads\/2025\/06\/PJ-CFK-Olavarria02.jpg?resize=800%2C600&#038;ssl=1\" alt=\"\" class=\"wp-image-173831\" srcset=\"https:\/\/i0.wp.com\/cdnoticias.com\/wp-content\/uploads\/2025\/06\/PJ-CFK-Olavarria02.jpg?w=1024&amp;ssl=1 1024w, https:\/\/i0.wp.com\/cdnoticias.com\/wp-content\/uploads\/2025\/06\/PJ-CFK-Olavarria02.jpg?resize=300%2C225&amp;ssl=1 300w, https:\/\/i0.wp.com\/cdnoticias.com\/wp-content\/uploads\/2025\/06\/PJ-CFK-Olavarria02.jpg?resize=768%2C576&amp;ssl=1 768w\" sizes=\"auto, (max-width: 800px) 100vw, 800px\" \/><\/figure>\n\n\n\n<figure class=\"wp-block-image size-full\"><img data-recalc-dims=\"1\" loading=\"lazy\" decoding=\"async\" width=\"800\" height=\"450\" src=\"https:\/\/i0.wp.com\/cdnoticias.com\/wp-content\/uploads\/2025\/06\/PJ-CFK-Olavarria01.jpg?resize=800%2C450&#038;ssl=1\" alt=\"\" class=\"wp-image-173830\" srcset=\"https:\/\/i0.wp.com\/cdnoticias.com\/wp-content\/uploads\/2025\/06\/PJ-CFK-Olavarria01.jpg?w=1024&amp;ssl=1 1024w, https:\/\/i0.wp.com\/cdnoticias.com\/wp-content\/uploads\/2025\/06\/PJ-CFK-Olavarria01.jpg?resize=300%2C169&amp;ssl=1 300w, https:\/\/i0.wp.com\/cdnoticias.com\/wp-content\/uploads\/2025\/06\/PJ-CFK-Olavarria01.jpg?resize=768%2C432&amp;ssl=1 768w\" sizes=\"auto, (max-width: 800px) 100vw, 800px\" \/><\/figure>\n\n\n\n<p>La convocatoria reuni\u00f3 a los principales referentes del espacio, entre ellos el intendente <strong>Maximiliano Wesner<\/strong>, el titular del Partido Justicalista en Olavarr\u00eda y concejal Federico Aguilera, el ex diputado provincial C\u00e9sar Valicenti, el funcionario Gast\u00f3n Sarachu, entre otros dirigentes que se convocaron e incluso generaron un corte de calle en las puertas del local partidario ubicado en calle Coronel Su\u00e1rez.<\/p>\n\n\n\n<p><\/p>\n\n\n\n<blockquote class=\"wp-block-quote is-layout-flow wp-block-quote-is-layout-flow\">\n<p>Durante el acto<strong>, Federico Aguilera fue uno de los oradores y cuestion\u00f3 el accionar del Poder Judicial<\/strong>. <em>\u201cNos une una vez m\u00e1s el reciente fallo de la injusticia. Estamos atravesando una nueva etapa en la historia de nuestro pa\u00eds, un episodio que se repite una y otra vez como es la persecuci\u00f3n pol\u00edtica\u201d<\/em>, expres\u00f3.<\/p>\n<\/blockquote>\n\n\n\n<p><\/p>\n\n\n\n<p>Aguilera tambi\u00e9n ratific\u00f3 su respaldo a la exmandataria y sostuvo que el peronismo se encuentra <em><strong>\u201cen estado de alerta y movilizaci\u00f3n a la espera de las indicaciones de quienes nos conducen\u201d.<\/strong><\/em><\/p>\n\n\n\n<figure class=\"wp-block-image size-full\"><img data-recalc-dims=\"1\" loading=\"lazy\" decoding=\"async\" width=\"800\" height=\"600\" src=\"https:\/\/i0.wp.com\/cdnoticias.com\/wp-content\/uploads\/2025\/06\/PJ-CFK-Olavarria04.jpg?resize=800%2C600&#038;ssl=1\" alt=\"\" class=\"wp-image-173833\" srcset=\"https:\/\/i0.wp.com\/cdnoticias.com\/wp-content\/uploads\/2025\/06\/PJ-CFK-Olavarria04.jpg?w=1024&amp;ssl=1 1024w, https:\/\/i0.wp.com\/cdnoticias.com\/wp-content\/uploads\/2025\/06\/PJ-CFK-Olavarria04.jpg?resize=300%2C225&amp;ssl=1 300w, https:\/\/i0.wp.com\/cdnoticias.com\/wp-content\/uploads\/2025\/06\/PJ-CFK-Olavarria04.jpg?resize=768%2C576&amp;ssl=1 768w\" sizes=\"auto, (max-width: 800px) 100vw, 800px\" \/><\/figure>\n\n\n\n<p>Antes de finalizar, agradeci\u00f3 la presencia de los asistentes y llam\u00f3 a sostener la unidad. <em>\u201cEspero que el sentir de cada uno de ustedes lo podamos transformar en militancia\u201d<\/em>, concluy\u00f3.<\/p>\n","protected":false},"excerpt":{"rendered":"<p>Fue encabezado por el intendente Wesner y figuras como el titular del PJ local, Federico Aguilera. Hubo expresiones de repudio<\/p>\n","protected":false},"author":2,"featured_media":173834,"comment_status":"closed","ping_status":"closed","sticky":false,"template":"","format":"standard","meta":{"_jetpack_memberships_contains_paid_content":false,"footnotes":""},"categories":[4,1],"tags":[],"class_list":["post-173829","post","type-post","status-publish","format-standard","has-post-thumbnail","hentry","category-politica","category-portada"],"jetpack_featured_media_url":"https:\/\/i0.wp.com\/cdnoticias.com\/wp-content\/uploads\/2025\/06\/PJ-CFK-Olavarria05.jpg?fit=1024%2C768&ssl=1","jetpack_sharing_enabled":true,"_links":{"self":[{"href":"https:\/\/cdnoticias.com\/index.php\/wp-json\/wp\/v2\/posts\/173829","targetHints":{"allow":["GET"]}}],"collection":[{"href":"https:\/\/cdnoticias.com\/index.php\/wp-json\/wp\/v2\/posts"}],"about":[{"href":"https:\/\/cdnoticias.com\/index.php\/wp-json\/wp\/v2\/types\/post"}],"author":[{"embeddable":true,"href":"https:\/\/cdnoticias.com\/index.php\/wp-json\/wp\/v2\/users\/2"}],"replies":[{"embeddable":true,"href":"https:\/\/cdnoticias.com\/index.php\/wp-json\/wp\/v2\/comments?post=173829"}],"version-history":[{"count":0,"href":"https:\/\/cdnoticias.com\/index.php\/wp-json\/wp\/v2\/posts\/173829\/revisions"}],"wp:featuredmedia":[{"embeddable":true,"href":"https:\/\/cdnoticias.com\/index.php\/wp-json\/wp\/v2\/media\/173834"}],"wp:attachment":[{"href":"https:\/\/cdnoticias.com\/index.php\/wp-json\/wp\/v2\/media?parent=173829"}],"wp:term":[{"taxonomy":"category","embeddable":true,"href":"https:\/\/cdnoticias.com\/index.php\/wp-json\/wp\/v2\/categories?post=173829"},{"taxonomy":"post_tag","embeddable":true,"href":"https:\/\/cdnoticias.com\/index.php\/wp-json\/wp\/v2\/tags?post=173829"}],"curies":[{"name":"wp","href":"https:\/\/api.w.org\/{rel}","templated":true}]}}