{"id":173813,"date":"2025-06-10T18:36:38","date_gmt":"2025-06-10T21:36:38","guid":{"rendered":"https:\/\/cdnoticias.com\/?p=173813"},"modified":"2025-06-10T22:05:59","modified_gmt":"2025-06-11T01:05:59","slug":"violento-choque-en-ituzaingo-y-belgrano-varias-personas-con-golpes","status":"publish","type":"post","link":"https:\/\/cdnoticias.com\/index.php\/2025\/06\/10\/violento-choque-en-ituzaingo-y-belgrano-varias-personas-con-golpes\/","title":{"rendered":"Violento choque en Ituzaing\u00f3 y Belgrano: varias personas con golpes"},"content":{"rendered":"\n<p>Fue entre una camioneta y un auto, en horas de la tarde. Trasladaron a una joven pero hubo varios asistidos en el lugar.<\/p>\n\n\n\n<hr class=\"wp-block-separator aligncenter has-alpha-channel-opacity\"\/>\n\n\n\n<p>Este martes por la tarde, <strong>un violento choque entre un auto y una camioneta gener\u00f3 el traslado de una joven al Hospital Municipal y la atenci\u00f3n de varias personas con golpes.<\/strong><\/p>\n\n\n\n<p>El hecho se produjo en el cruce de<strong> Ituzaing\u00f3 y Belgrano, y fue entre un Fiat 147 y una FordF100, que fue embestida por el veh\u00edculo de menor porte que circulaba por la avenida.<\/strong><\/p>\n\n\n\n<p>En el Fiat viajaban<strong> j\u00f3venes estudiantes, que sufieron varios golpes y lesiones, que no requirieron traslado al Hospital excepto a una joven que fue trasladada en una ambulancia de EMO al centro de salud local.<\/strong><\/p>\n\n\n\n<p>En el lugar trabaj\u00f3 personal de <strong>Comando de Patrullas quien reorden\u00f3 el tr\u00e1nsito.<\/strong> Durante varios minutos estuvo reducido en calle Belgrano y en Ituzaing\u00f3 y Dorrego, en corte total mano hacia Del Valle.<\/p>\n","protected":false},"excerpt":{"rendered":"<p>Fue entre una camioneta y un auto, en horas de la tarde. Trasladaron a una joven pero hubo varios asistidos<\/p>\n","protected":false},"author":2,"featured_media":173779,"comment_status":"closed","ping_status":"closed","sticky":false,"template":"","format":"standard","meta":{"_jetpack_memberships_contains_paid_content":false,"footnotes":""},"categories":[14,1],"tags":[],"class_list":["post-173813","post","type-post","status-publish","format-standard","has-post-thumbnail","hentry","category-policiales","category-portada"],"jetpack_featured_media_url":"https:\/\/i0.wp.com\/cdnoticias.com\/wp-content\/uploads\/2025\/06\/choque-belgrano-ituzaingo1.jpg?fit=900%2C506&ssl=1","jetpack_sharing_enabled":true,"_links":{"self":[{"href":"https:\/\/cdnoticias.com\/index.php\/wp-json\/wp\/v2\/posts\/173813","targetHints":{"allow":["GET"]}}],"collection":[{"href":"https:\/\/cdnoticias.com\/index.php\/wp-json\/wp\/v2\/posts"}],"about":[{"href":"https:\/\/cdnoticias.com\/index.php\/wp-json\/wp\/v2\/types\/post"}],"author":[{"embeddable":true,"href":"https:\/\/cdnoticias.com\/index.php\/wp-json\/wp\/v2\/users\/2"}],"replies":[{"embeddable":true,"href":"https:\/\/cdnoticias.com\/index.php\/wp-json\/wp\/v2\/comments?post=173813"}],"version-history":[{"count":0,"href":"https:\/\/cdnoticias.com\/index.php\/wp-json\/wp\/v2\/posts\/173813\/revisions"}],"wp:featuredmedia":[{"embeddable":true,"href":"https:\/\/cdnoticias.com\/index.php\/wp-json\/wp\/v2\/media\/173779"}],"wp:attachment":[{"href":"https:\/\/cdnoticias.com\/index.php\/wp-json\/wp\/v2\/media?parent=173813"}],"wp:term":[{"taxonomy":"category","embeddable":true,"href":"https:\/\/cdnoticias.com\/index.php\/wp-json\/wp\/v2\/categories?post=173813"},{"taxonomy":"post_tag","embeddable":true,"href":"https:\/\/cdnoticias.com\/index.php\/wp-json\/wp\/v2\/tags?post=173813"}],"curies":[{"name":"wp","href":"https:\/\/api.w.org\/{rel}","templated":true}]}}