{"id":173793,"date":"2025-06-16T21:00:12","date_gmt":"2025-06-17T00:00:12","guid":{"rendered":"https:\/\/cdnoticias.com\/?p=173793"},"modified":"2025-06-16T21:00:16","modified_gmt":"2025-06-17T00:00:16","slug":"este-miercoles-giro-movil-llega-a-loma-negra","status":"publish","type":"post","link":"https:\/\/cdnoticias.com\/index.php\/2025\/06\/16\/este-miercoles-giro-movil-llega-a-loma-negra\/","title":{"rendered":"Este mi\u00e9rcoles GIRO M\u00f3vil llega a Loma Negra"},"content":{"rendered":"\n<p>El encuentro ser\u00e1 frente a la escuela primaria N\u00b079. Personal de la Coordinaci\u00f3n de Ambiente y las promotoras del programa GIRO estar\u00e1n presentes recibiendo los residuos reciclables que los vecinos de la localidad acerquen hasta el lugar.<\/p>\n\n\n\n<hr class=\"wp-block-separator aligncenter has-alpha-channel-opacity\"\/>\n\n\n\n<p>Este <strong>mi\u00e9rcoles 18<\/strong> se realizar\u00e1 una <strong>nueva edici\u00f3n del GIRO M\u00f3vil en Loma Negra<\/strong>.\u00a0Ser\u00e1 de <strong>9 a 12 horas, frente a la escuela primaria N\u00b079<\/strong>, ubicada entre las calles <strong>Santa Elena y San Mart\u00edn. <\/strong><\/p>\n\n\n\n<p><\/p>\n\n\n\n<p>Durante esa jornada, <strong>personal de la Coordinaci\u00f3n de Ambiente y las promotoras del programa GIRO estar\u00e1n presentes recibiendo los residuos reciclables <\/strong>que los vecinos de la localidad acerquen hasta el lugar.<\/p>\n\n\n\n<p><\/p>\n\n\n\n<blockquote class=\"wp-block-quote is-layout-flow wp-block-quote-is-layout-flow\">\n<p>Se recuerda que los residuos reciclables son: papel, cart\u00f3n, botellas pl\u00e1sticas, botellas de vidrio, envases de tetrabrik, envases y latas de aluminio.<\/p>\n<\/blockquote>\n\n\n\n<p><\/p>\n\n\n\n<p>Esta edici\u00f3n se realiza de forma complementaria a las actividades de abordaje territorial del Programa Municipal \u201cBarrio por Barrio\u201d. A su vez, <strong>se estar\u00e1 entregando compost a quienes lleven sus reciclables.&nbsp;<\/strong><\/p>\n\n\n\n<p><\/p>\n","protected":false},"excerpt":{"rendered":"<p>El encuentro ser\u00e1 frente a la escuela primaria N\u00b079. Personal de la Coordinaci\u00f3n de Ambiente y las promotoras del programa<\/p>\n","protected":false},"author":6,"featured_media":94043,"comment_status":"closed","ping_status":"closed","sticky":false,"template":"","format":"standard","meta":{"_jetpack_memberships_contains_paid_content":false,"footnotes":""},"categories":[5,1],"tags":[],"class_list":["post-173793","post","type-post","status-publish","format-standard","has-post-thumbnail","hentry","category-informacion-general","category-portada"],"jetpack_featured_media_url":"https:\/\/i0.wp.com\/cdnoticias.com\/wp-content\/uploads\/2023\/08\/GIRO-trailer.jpg?fit=800%2C445&ssl=1","jetpack_sharing_enabled":true,"_links":{"self":[{"href":"https:\/\/cdnoticias.com\/index.php\/wp-json\/wp\/v2\/posts\/173793","targetHints":{"allow":["GET"]}}],"collection":[{"href":"https:\/\/cdnoticias.com\/index.php\/wp-json\/wp\/v2\/posts"}],"about":[{"href":"https:\/\/cdnoticias.com\/index.php\/wp-json\/wp\/v2\/types\/post"}],"author":[{"embeddable":true,"href":"https:\/\/cdnoticias.com\/index.php\/wp-json\/wp\/v2\/users\/6"}],"replies":[{"embeddable":true,"href":"https:\/\/cdnoticias.com\/index.php\/wp-json\/wp\/v2\/comments?post=173793"}],"version-history":[{"count":0,"href":"https:\/\/cdnoticias.com\/index.php\/wp-json\/wp\/v2\/posts\/173793\/revisions"}],"wp:featuredmedia":[{"embeddable":true,"href":"https:\/\/cdnoticias.com\/index.php\/wp-json\/wp\/v2\/media\/94043"}],"wp:attachment":[{"href":"https:\/\/cdnoticias.com\/index.php\/wp-json\/wp\/v2\/media?parent=173793"}],"wp:term":[{"taxonomy":"category","embeddable":true,"href":"https:\/\/cdnoticias.com\/index.php\/wp-json\/wp\/v2\/categories?post=173793"},{"taxonomy":"post_tag","embeddable":true,"href":"https:\/\/cdnoticias.com\/index.php\/wp-json\/wp\/v2\/tags?post=173793"}],"curies":[{"name":"wp","href":"https:\/\/api.w.org\/{rel}","templated":true}]}}