{"id":173791,"date":"2025-06-12T08:49:10","date_gmt":"2025-06-12T11:49:10","guid":{"rendered":"https:\/\/cdnoticias.com\/?p=173791"},"modified":"2025-06-12T08:49:12","modified_gmt":"2025-06-12T11:49:12","slug":"charla-abierta-sobre-discapacidad-y-accesibilidad-en-el-ccu","status":"publish","type":"post","link":"https:\/\/cdnoticias.com\/index.php\/2025\/06\/12\/charla-abierta-sobre-discapacidad-y-accesibilidad-en-el-ccu\/","title":{"rendered":"Charla abierta sobre Discapacidad y Accesibilidad en el CCU\u00a0"},"content":{"rendered":"\n<p>Ser\u00e1 este viernes 13 y es abierta a toda la comunidad.&nbsp;<\/p>\n\n\n\n<hr class=\"wp-block-separator aligncenter has-alpha-channel-opacity\"\/>\n\n\n\n<p>En la sede del<strong> Centro Cultural Universitario de Olavarr\u00eda<\/strong>, San Mart\u00edn 1955, se llevar\u00e1 adelante la charla \u201c<strong><em>Discapacidad y Accesibilidad: aportes conceptuales para incidir en las pr\u00e1cticas\u201d<\/em><\/strong>, abierta a la comunidad en general.<\/p>\n\n\n\n<p><\/p>\n\n\n\n<p>La propuesta, que se realizar\u00e1 el<strong> viernes 13 de junio entre las 9:30 y las 12:00<\/strong>, es organizada por el Seminario de Antropolog\u00eda y Educaci\u00f3n del Departamento de Antropolog\u00eda Social y el Grupo de Investigaciones Socioculturales en Educaci\u00f3n (GISE), N\u00facleo Regional de Estudios Socioculturales (NURES-FACSO-UNICEN).<\/p>\n\n\n\n<p><\/p>\n\n\n\n<p>La charla ser\u00e1<strong> coordinada por el Dr. Emilio Tevez,<\/strong> docente del Seminario de Antropolog\u00eda y Educaci\u00f3n e investigador de FACSO, y contar\u00e1 con la participaci\u00f3n de la <strong>Lic. Marina Heredia, <\/strong>docente de la Facultad de Filosof\u00eda y Letras de la UBA y co-coordinadora del Programa de Discapacidad y Accesibilidad de dicha unidad acad\u00e9mica.<\/p>\n\n\n\n<p><\/p>\n\n\n\n<blockquote class=\"wp-block-quote is-layout-flow wp-block-quote-is-layout-flow\">\n<p>La accesibilidad ha sido un concepto construido con aportes de diferentes campos y disciplinas. En los \u00faltimos a\u00f1os ha cobrado gran protagonismo a partir del giro conceptual en discapacidad que inaugura el modelo social de la discapacidad, luego con la Convenci\u00f3n Internacional sobre los Derechos de las Personas con Discapacidad (ONU 2006, Argentina, 2008) y la exigibilidad de los derechos por parte de este colectivo. No obstante, con frecuencia, es subsumida a un factor t\u00e9cnico y descontextualizada de los debates te\u00f3ricos y sociopol\u00edticos.<\/p>\n<\/blockquote>\n\n\n\n<p><\/p>\n\n\n\n<p>En este encuentro se propone el desarrollo de un acercamiento a su recorrido conceptual desde una perspectiva cr\u00edtica y situada, para lo que se partir\u00e1 de reflexiones provenientes de experiencias de trabajo extensionista en la tem\u00e1tica. Se prev\u00e9 una primera parte expositiva y posteriormente una ronda de preguntas e intercambios.<\/p>\n\n\n\n<p><\/p>\n","protected":false},"excerpt":{"rendered":"<p>Ser\u00e1 este viernes 13 y es abierta a toda la comunidad.&nbsp; En la sede del Centro Cultural Universitario de Olavarr\u00eda,<\/p>\n","protected":false},"author":6,"featured_media":81938,"comment_status":"closed","ping_status":"closed","sticky":false,"template":"","format":"standard","meta":{"_jetpack_memberships_contains_paid_content":false,"footnotes":""},"categories":[5,1],"tags":[],"class_list":["post-173791","post","type-post","status-publish","format-standard","has-post-thumbnail","hentry","category-informacion-general","category-portada"],"jetpack_featured_media_url":"https:\/\/i0.wp.com\/cdnoticias.com\/wp-content\/uploads\/2023\/04\/Centro-Cultural-Universitario-1.jpg?fit=1280%2C712&ssl=1","jetpack_sharing_enabled":true,"_links":{"self":[{"href":"https:\/\/cdnoticias.com\/index.php\/wp-json\/wp\/v2\/posts\/173791","targetHints":{"allow":["GET"]}}],"collection":[{"href":"https:\/\/cdnoticias.com\/index.php\/wp-json\/wp\/v2\/posts"}],"about":[{"href":"https:\/\/cdnoticias.com\/index.php\/wp-json\/wp\/v2\/types\/post"}],"author":[{"embeddable":true,"href":"https:\/\/cdnoticias.com\/index.php\/wp-json\/wp\/v2\/users\/6"}],"replies":[{"embeddable":true,"href":"https:\/\/cdnoticias.com\/index.php\/wp-json\/wp\/v2\/comments?post=173791"}],"version-history":[{"count":0,"href":"https:\/\/cdnoticias.com\/index.php\/wp-json\/wp\/v2\/posts\/173791\/revisions"}],"wp:featuredmedia":[{"embeddable":true,"href":"https:\/\/cdnoticias.com\/index.php\/wp-json\/wp\/v2\/media\/81938"}],"wp:attachment":[{"href":"https:\/\/cdnoticias.com\/index.php\/wp-json\/wp\/v2\/media?parent=173791"}],"wp:term":[{"taxonomy":"category","embeddable":true,"href":"https:\/\/cdnoticias.com\/index.php\/wp-json\/wp\/v2\/categories?post=173791"},{"taxonomy":"post_tag","embeddable":true,"href":"https:\/\/cdnoticias.com\/index.php\/wp-json\/wp\/v2\/tags?post=173791"}],"curies":[{"name":"wp","href":"https:\/\/api.w.org\/{rel}","templated":true}]}}