{"id":173786,"date":"2025-06-11T09:06:41","date_gmt":"2025-06-11T12:06:41","guid":{"rendered":"https:\/\/cdnoticias.com\/?p=173786"},"modified":"2025-06-11T09:06:43","modified_gmt":"2025-06-11T12:06:43","slug":"el-programa-giro-continuara-la-ruta-azul-este-miercoles","status":"publish","type":"post","link":"https:\/\/cdnoticias.com\/index.php\/2025\/06\/11\/el-programa-giro-continuara-la-ruta-azul-este-miercoles\/","title":{"rendered":"El Programa GIRO continuar\u00e1 la ruta azul este mi\u00e9rcoles\u00a0"},"content":{"rendered":"\n<p>Estar\u00e1n presentes en los barrios Roca Merlo, Mariano Moreno, San Carlos y UTA.<\/p>\n\n\n\n<hr class=\"wp-block-separator aligncenter has-alpha-channel-opacity\"\/>\n\n\n\n<p>Las <strong>promotoras ambientales de la Cooperativa \u201cViento en Contra\u201d<\/strong> contin\u00faan con su <strong>trabajo en territorio<\/strong> en distintos sectores de la ciudad.<\/p>\n\n\n\n<p><\/p>\n\n\n\n<p>De esta manera, <strong>se recorrer\u00e1n nuevamente todos los barrios que tienen recolecci\u00f3n diferenciada,<\/strong> a los fines de poder visitar y conversar en aquellos hogares que no estuvieron presentes en la primera recorrida, que se llev\u00f3 a cabo meses atr\u00e1s.<\/p>\n\n\n\n<p><\/p>\n\n\n\n<blockquote class=\"wp-block-quote is-layout-flow wp-block-quote-is-layout-flow\">\n<p>Este mi\u00e9rcoles el grupo de promotoras comenzar\u00e1n a recorrer la ruta azul. Esta ruta comprende los barrios Roca Merlo, Mariano Moreno, San Carlos y UTA.<\/p>\n<\/blockquote>\n\n\n\n<p><\/p>\n\n\n\n<p>La zona tiene un calendario de recolecci\u00f3n nocturno, con<strong> recolecci\u00f3n de reciclables los lunes a partir de las 18 horas,<\/strong> y <strong>recolecci\u00f3n de basura el resto de los d\u00edas, excepto el s\u00e1bado, a partir de las 21 horas. <\/strong><\/p>\n\n\n\n<p><\/p>\n\n\n\n<p>Cabe recordar que la <strong>recolecci\u00f3n de reciclables es efectuada por la Cooperativa Viento en Contra<\/strong>, y la <strong>recolecci\u00f3n de basura es realizada por la empresa Transporte Malvinas.<\/strong><\/p>\n\n\n\n<p><\/p>\n\n\n\n<p>Para conocer los barrios incluidos en cada una de las rutas, pueden consultar los mapas disponibles en las redes sociales del programa (@giro.olavarria) o en la p\u00e1gina web del municipio (olavarria.gov.ar). Tambi\u00e9n pueden comunicarse a trav\u00e9s del correo electr\u00f3nico de la Coordinaci\u00f3n de Ambiente (gestionambiental@olavarria.gov.ar) o llamar a los tel\u00e9fonos 422135\/95.<\/p>\n","protected":false},"excerpt":{"rendered":"<p>Estar\u00e1n presentes en los barrios Roca Merlo, Mariano Moreno, San Carlos y UTA. Las promotoras ambientales de la Cooperativa \u201cViento<\/p>\n","protected":false},"author":6,"featured_media":121277,"comment_status":"closed","ping_status":"closed","sticky":false,"template":"","format":"standard","meta":{"_jetpack_memberships_contains_paid_content":false,"footnotes":""},"categories":[5,1],"tags":[],"class_list":["post-173786","post","type-post","status-publish","format-standard","has-post-thumbnail","hentry","category-informacion-general","category-portada"],"jetpack_featured_media_url":"https:\/\/i0.wp.com\/cdnoticias.com\/wp-content\/uploads\/2024\/07\/giro-ambiente1.jpg?fit=1400%2C931&ssl=1","jetpack_sharing_enabled":true,"_links":{"self":[{"href":"https:\/\/cdnoticias.com\/index.php\/wp-json\/wp\/v2\/posts\/173786","targetHints":{"allow":["GET"]}}],"collection":[{"href":"https:\/\/cdnoticias.com\/index.php\/wp-json\/wp\/v2\/posts"}],"about":[{"href":"https:\/\/cdnoticias.com\/index.php\/wp-json\/wp\/v2\/types\/post"}],"author":[{"embeddable":true,"href":"https:\/\/cdnoticias.com\/index.php\/wp-json\/wp\/v2\/users\/6"}],"replies":[{"embeddable":true,"href":"https:\/\/cdnoticias.com\/index.php\/wp-json\/wp\/v2\/comments?post=173786"}],"version-history":[{"count":0,"href":"https:\/\/cdnoticias.com\/index.php\/wp-json\/wp\/v2\/posts\/173786\/revisions"}],"wp:featuredmedia":[{"embeddable":true,"href":"https:\/\/cdnoticias.com\/index.php\/wp-json\/wp\/v2\/media\/121277"}],"wp:attachment":[{"href":"https:\/\/cdnoticias.com\/index.php\/wp-json\/wp\/v2\/media?parent=173786"}],"wp:term":[{"taxonomy":"category","embeddable":true,"href":"https:\/\/cdnoticias.com\/index.php\/wp-json\/wp\/v2\/categories?post=173786"},{"taxonomy":"post_tag","embeddable":true,"href":"https:\/\/cdnoticias.com\/index.php\/wp-json\/wp\/v2\/tags?post=173786"}],"curies":[{"name":"wp","href":"https:\/\/api.w.org\/{rel}","templated":true}]}}