{"id":173780,"date":"2025-06-11T09:03:26","date_gmt":"2025-06-11T12:03:26","guid":{"rendered":"https:\/\/cdnoticias.com\/?p=173780"},"modified":"2025-06-11T11:27:50","modified_gmt":"2025-06-11T14:27:50","slug":"este-miercoles-gran-despliegue-de-barrio-por-barrio","status":"publish","type":"post","link":"https:\/\/cdnoticias.com\/index.php\/2025\/06\/11\/este-miercoles-gran-despliegue-de-barrio-por-barrio\/","title":{"rendered":"Este mi\u00e9rcoles, gran despliegue de Barrio por Barrio"},"content":{"rendered":"\n<p>Recorrer\u00e1 los barrios Luj\u00e1n, Obrero, Amparo Castro, Amesya y Tiro Federal. El punto de encuentro ser\u00e1 el Parque Lineal (Saavedra y Belgrano) a las 09:00 horas, donde se dispondr\u00e1n diferentes puntos de atenci\u00f3n para que la comunidad pueda acercarse a evacuar inquietudes y realizar diversos tr\u00e1mites.&nbsp;<\/p>\n\n\n\n<p><\/p>\n\n\n\n<hr class=\"wp-block-separator aligncenter has-alpha-channel-opacity\"\/>\n\n\n\n<p>Este <strong>mi\u00e9rcoles 11 de junio,<\/strong> el programa municipal \u201c<strong>Barrio por Barrio\u201d <\/strong>tendr\u00e1 una nueva edici\u00f3n.&nbsp;En esta oportunidad el intendente Maximiliano Wesner, acompa\u00f1ado por integrantes de su gabinete, caminar\u00e1 los barrios <strong>Luj\u00e1n, Obrero, Amparo Castro, Amesya y Tiro Federal.<\/strong><\/p>\n\n\n\n<p><\/p>\n\n\n\n<blockquote class=\"wp-block-quote is-layout-flow wp-block-quote-is-layout-flow\">\n<p>El punto de encuentro ser\u00e1 el Parque Lineal (Saavedra y Belgrano) a las 09:00 horas, donde se dispondr\u00e1n diferentes puntos de atenci\u00f3n para que la comunidad pueda acercarse a evacuar inquietudes y realizar diversos tr\u00e1mites.&nbsp;<\/p>\n<\/blockquote>\n\n\n\n<p><\/p>\n\n\n\n<p>All\u00ed se ofrecer\u00e1 un <strong>puesto de vacunaci\u00f3n<\/strong> (antigripal, ingreso escolar, adultos mayores, adolescentes, mujeres embarazadas y ni\u00f1os\/as) a cargo del equipo de <strong>Atenci\u00f3n Primaria de la Salud<\/strong>, que tambi\u00e9n ofrecer\u00e1 asesoramiento m\u00e9dico.<\/p>\n\n\n\n<p><\/p>\n\n\n\n<p>Asimismo, personal de <strong>Defensa al Consumidor y Relaciones Vecinales<\/strong>, as\u00ed como tambi\u00e9n de <strong>Casa de Tierras y Regularizaci\u00f3n Dominial<\/strong> brindar\u00e1n atenci\u00f3n personalizada. Como en otras oportunidades, se ofrecer\u00e1 asesoramiento sobre programas de Desarrollo Social e inscripciones a <strong>Maternales, Centros de D\u00eda, Envi\u00f3n y Callejeadas.&nbsp;<\/strong><\/p>\n\n\n\n<p><\/p>\n\n\n\n<p>Tambi\u00e9n, <strong>el \u00e1rea de Bromatolog\u00eda <\/strong>dispondr\u00e1 un puesto para la aplicaci\u00f3n de <strong>vacunas antirr\u00e1bicas para caninos y felinos, <\/strong>de manera totalmente gratuita, por orden de llegada.<\/p>\n\n\n\n<p><\/p>\n\n\n\n<blockquote class=\"wp-block-quote is-layout-flow wp-block-quote-is-layout-flow\">\n<p>A partir de all\u00ed, los equipos participantes recorrer\u00e1n la zona comprendida por las avenidas: Pringles, Col\u00f3n, la Rioja, Del Valle. Como es habitual en el marco de esta iniciativa, se desplegar\u00e1n distintos equipos de trabajo para dar respuestas inmediatas y concretas en materia de limpieza, como as\u00ed tambi\u00e9n mantenimiento de calles y espacios p\u00fablicos.&nbsp;<\/p>\n<\/blockquote>\n\n\n\n<p><\/p>\n\n\n\n<p>En paralelo se efectuar\u00e1 un<strong> dispositivo puerta a puerta <\/strong>en el que se dialogar\u00e1 con vecinos y vecinas para conocer sus <strong>consultas y necesidades, <\/strong>las cuales que ser\u00e1n remitidas a las \u00e1reas municipales correspondientes, como as\u00ed tambi\u00e9n se brindar\u00e1 informaci\u00f3n de inter\u00e9s, v\u00edas de comunicaci\u00f3n, entre otros.<\/p>\n\n\n\n<p><\/p>\n\n\n\n<p>A su vez, se trabajar\u00e1 de manera simult\u00e1nea y complementaria con personal de empresas que brindan servicios para el Municipio, como<strong> Coopelectric y Transportes Malvinas,<\/strong> para una respuesta integral. <\/p>\n\n\n\n<p><\/p>\n\n\n\n<p>Por \u00faltimo, como en la anterior edici\u00f3n, habr\u00e1 asesoramiento para la <strong>validaci\u00f3n de identidad en la aplicaci\u00f3n \u201cMi Argentina\u201d, <\/strong>desde la cual se puede visualizar documentaci\u00f3n personal y gestionar diversos tr\u00e1mites. Para ello, es necesario acercarse con el \u00faltimo ejemplar de DNI. <strong>El tr\u00e1mite es personal y presencial.<\/strong><\/p>\n\n\n\n<p><\/p>\n\n\n\n<p>Para quienes no tengan un perfil en \u201cMi Argentina\u201d, se brinda la posibilidad de crear uno para lo cual es necesario el n\u00famero de CUIL y un correo electr\u00f3nico personal al que se tenga acceso. Por otra parte, si ya se cuenta con un perfil en la aplicaci\u00f3n y por alg\u00fan motivo se imposibilita su acceso, se ofrece soporte para la recuperaci\u00f3n de cuenta.<\/p>\n\n\n\n<p><\/p>\n\n\n\n<p><strong>\u201cBarrio por Barrio\u201d<\/strong> plantea un abordaje integral, para lo cual se dispone de la participaci\u00f3n del Intendente y los funcionarios del gabinete, junto con personal de las distintas \u00e1reas de gesti\u00f3n municipal: Salud, Educaci\u00f3n, Protecci\u00f3n Ciudadana, Obras P\u00fablicas, Desarrollo de la Comunidad, Defensa al Consumidor, Asuntos Legales, entre otras \u00e1reas.<\/p>\n\n\n\n<p><\/p>\n","protected":false},"excerpt":{"rendered":"<p>Recorrer\u00e1 los barrios Luj\u00e1n, Obrero, Amparo Castro, Amesya y Tiro Federal. El punto de encuentro ser\u00e1 el Parque Lineal (Saavedra<\/p>\n","protected":false},"author":6,"featured_media":169396,"comment_status":"closed","ping_status":"closed","sticky":false,"template":"","format":"standard","meta":{"_jetpack_memberships_contains_paid_content":false,"footnotes":""},"categories":[5,1],"tags":[],"class_list":["post-173780","post","type-post","status-publish","format-standard","has-post-thumbnail","hentry","category-informacion-general","category-portada"],"jetpack_featured_media_url":"https:\/\/i0.wp.com\/cdnoticias.com\/wp-content\/uploads\/2025\/04\/barrio-por-barrio-hinojo-colonia-hinojo2.png?fit=892%2C508&ssl=1","jetpack_sharing_enabled":true,"_links":{"self":[{"href":"https:\/\/cdnoticias.com\/index.php\/wp-json\/wp\/v2\/posts\/173780","targetHints":{"allow":["GET"]}}],"collection":[{"href":"https:\/\/cdnoticias.com\/index.php\/wp-json\/wp\/v2\/posts"}],"about":[{"href":"https:\/\/cdnoticias.com\/index.php\/wp-json\/wp\/v2\/types\/post"}],"author":[{"embeddable":true,"href":"https:\/\/cdnoticias.com\/index.php\/wp-json\/wp\/v2\/users\/6"}],"replies":[{"embeddable":true,"href":"https:\/\/cdnoticias.com\/index.php\/wp-json\/wp\/v2\/comments?post=173780"}],"version-history":[{"count":0,"href":"https:\/\/cdnoticias.com\/index.php\/wp-json\/wp\/v2\/posts\/173780\/revisions"}],"wp:featuredmedia":[{"embeddable":true,"href":"https:\/\/cdnoticias.com\/index.php\/wp-json\/wp\/v2\/media\/169396"}],"wp:attachment":[{"href":"https:\/\/cdnoticias.com\/index.php\/wp-json\/wp\/v2\/media?parent=173780"}],"wp:term":[{"taxonomy":"category","embeddable":true,"href":"https:\/\/cdnoticias.com\/index.php\/wp-json\/wp\/v2\/categories?post=173780"},{"taxonomy":"post_tag","embeddable":true,"href":"https:\/\/cdnoticias.com\/index.php\/wp-json\/wp\/v2\/tags?post=173780"}],"curies":[{"name":"wp","href":"https:\/\/api.w.org\/{rel}","templated":true}]}}