{"id":173767,"date":"2025-06-11T16:07:24","date_gmt":"2025-06-11T19:07:24","guid":{"rendered":"https:\/\/cdnoticias.com\/?p=173767"},"modified":"2025-06-11T16:09:28","modified_gmt":"2025-06-11T19:09:28","slug":"el-foro-olavarria-fr-se-expreso-en-defensa-del-inta-y-el-desarrollo-nacional","status":"publish","type":"post","link":"https:\/\/cdnoticias.com\/index.php\/2025\/06\/11\/el-foro-olavarria-fr-se-expreso-en-defensa-del-inta-y-el-desarrollo-nacional\/","title":{"rendered":"El Foro Olavarr\u00eda FR se expres\u00f3 en defensa del INTA y el desarrollo nacional"},"content":{"rendered":"\n<p>\u201cDefender el INTA es defender la investigaci\u00f3n, la producci\u00f3n, el desarrollo nacional y al Campo como parte fundamental de Argentina\u201d expresaron.\u00a0<\/p>\n\n\n\n<hr class=\"wp-block-separator aligncenter has-alpha-channel-opacity\"\/>\n\n\n\n<p>El <strong>Foro Olavarr\u00eda FR<\/strong> se expres\u00f3 en las \u00faltimas horas <strong>en defensa del INTA y el desarrollo nacional:&nbsp;<\/strong>\u201c<em>Los olavarrienses y los argentinos sabemos el valor que aporta el INTA a la generaci\u00f3n de tecnolog\u00edas, la capacitaci\u00f3n t\u00e9cnica y el desarrollo sostenible del sector agropecuario\u201d <\/em>se\u00f1alaron.&nbsp;<\/p>\n\n\n\n<p><\/p>\n\n\n\n<blockquote class=\"wp-block-quote is-layout-flow wp-block-quote-is-layout-flow\">\n<p>Asimismo agregaron: \u201cUn organismo eficiente, que asesora a los productores para afrontar los desaf\u00edos productivos, tecnol\u00f3gicos y ambientales, priorizando la innovaci\u00f3n con fuerte arraigo territorial y federal\u201d.&nbsp;<\/p>\n<\/blockquote>\n\n\n\n<p><\/p>\n\n\n\n<p>Desde el Foro Olavarr\u00eda- Frente Renovador \u201cnos hemos interiorizado de la <strong>preocupaci\u00f3n de la gente del INTA, <\/strong>especialmente de la propuesta del Gobierno de Milei de <strong>modificar la gobernanza del INTA,<\/strong> reduciendo el Consejo Directivo y trasladando el control financiero al Ministerio de Econom\u00eda, l<strong>o que comprometer\u00e1 la autonom\u00eda pol\u00edtica y presupuestaria del INTA\u201d.&nbsp;<\/strong><\/p>\n\n\n\n<p><\/p>\n\n\n\n<blockquote class=\"wp-block-quote is-layout-flow wp-block-quote-is-layout-flow\">\n<p>Y remarcaron: \u201cDicho m\u00e1s directamente: el INTA con la intervenci\u00f3n del gobierno nacional pierde la posibilidad de tener presupuesto propio\u201d.&nbsp;<\/p>\n<\/blockquote>\n\n\n\n<p><\/p>\n\n\n\n<p>Por \u00faltimo indicaron: \u201c<em>hasta hoy el INTA es un organismo que tiene una mirada t\u00e9cnica, que desarrolla con innovaci\u00f3n, que supera los vaivenes de las gestiones y eso no debe perderse. Preservar su autarqu\u00eda y su articulaci\u00f3n p\u00fablico-privada es determinante para hacer pol\u00edticas p\u00fablicas que beneficien el entramado productivo, cient\u00edfico y acad\u00e9mico del que el #INTA es parte\u201d.<\/em>&nbsp;<\/p>\n\n\n\n<p><\/p>\n\n\n\n<p><strong>\u201cPor eso entendemos que todos tenemos que defender una herramienta clave como es el INTA para el desarrollo de Olavarr\u00eda y de nuestro pa\u00eds<\/strong>\u201d cerraron.&nbsp;<\/p>\n\n\n\n<p><\/p>\n","protected":false},"excerpt":{"rendered":"<p>\u201cDefender el INTA es defender la investigaci\u00f3n, la producci\u00f3n, el desarrollo nacional y al Campo como parte fundamental de Argentina\u201d<\/p>\n","protected":false},"author":6,"featured_media":173768,"comment_status":"closed","ping_status":"closed","sticky":false,"template":"","format":"standard","meta":{"_jetpack_memberships_contains_paid_content":false,"footnotes":""},"categories":[4,1],"tags":[],"class_list":["post-173767","post","type-post","status-publish","format-standard","has-post-thumbnail","hentry","category-politica","category-portada"],"jetpack_featured_media_url":"https:\/\/i0.wp.com\/cdnoticias.com\/wp-content\/uploads\/2025\/06\/inta.jpg?fit=900%2C600&ssl=1","jetpack_sharing_enabled":true,"_links":{"self":[{"href":"https:\/\/cdnoticias.com\/index.php\/wp-json\/wp\/v2\/posts\/173767","targetHints":{"allow":["GET"]}}],"collection":[{"href":"https:\/\/cdnoticias.com\/index.php\/wp-json\/wp\/v2\/posts"}],"about":[{"href":"https:\/\/cdnoticias.com\/index.php\/wp-json\/wp\/v2\/types\/post"}],"author":[{"embeddable":true,"href":"https:\/\/cdnoticias.com\/index.php\/wp-json\/wp\/v2\/users\/6"}],"replies":[{"embeddable":true,"href":"https:\/\/cdnoticias.com\/index.php\/wp-json\/wp\/v2\/comments?post=173767"}],"version-history":[{"count":0,"href":"https:\/\/cdnoticias.com\/index.php\/wp-json\/wp\/v2\/posts\/173767\/revisions"}],"wp:featuredmedia":[{"embeddable":true,"href":"https:\/\/cdnoticias.com\/index.php\/wp-json\/wp\/v2\/media\/173768"}],"wp:attachment":[{"href":"https:\/\/cdnoticias.com\/index.php\/wp-json\/wp\/v2\/media?parent=173767"}],"wp:term":[{"taxonomy":"category","embeddable":true,"href":"https:\/\/cdnoticias.com\/index.php\/wp-json\/wp\/v2\/categories?post=173767"},{"taxonomy":"post_tag","embeddable":true,"href":"https:\/\/cdnoticias.com\/index.php\/wp-json\/wp\/v2\/tags?post=173767"}],"curies":[{"name":"wp","href":"https:\/\/api.w.org\/{rel}","templated":true}]}}