{"id":173753,"date":"2025-06-10T16:05:39","date_gmt":"2025-06-10T19:05:39","guid":{"rendered":"https:\/\/cdnoticias.com\/?p=173753"},"modified":"2025-06-10T17:55:10","modified_gmt":"2025-06-10T20:55:10","slug":"la-corte-suprema-se-reune-para-definir-el-fallo-en-la-causa-vialidad-contra-cristina-kirchner","status":"publish","type":"post","link":"https:\/\/cdnoticias.com\/index.php\/2025\/06\/10\/la-corte-suprema-se-reune-para-definir-el-fallo-en-la-causa-vialidad-contra-cristina-kirchner\/","title":{"rendered":"La Corte Suprema se re\u00fane para definir el fallo en la causa Vialidad contra Cristina Kirchner"},"content":{"rendered":"\n<p>Ser\u00e1 desde las 16:00 horas en el Palacio de Tribunales. En caso de rechazar el recurso de queja, el Tribunal Oral que dict\u00f3 la condena podr\u00eda definir la detenci\u00f3n y la fecha de cumplimiento.<\/p>\n\n\n\n<hr class=\"wp-block-separator aligncenter has-alpha-channel-opacity\"\/>\n\n\n\n<p>El presidente de la Corte Suprema de Justicia,<strong> Horacio Rosatti, convoc\u00f3 a los jueces Ricardo Lorenzetti y Carlos Rosenkrantz a una reuni\u00f3n especial este martes a las 16 horas, en el Palacio de Tribunales, con el objetivo de tomar una decisi\u00f3n clave en la causa Vialidad, en la que fue condenada Cristina Fern\u00e1ndez de Kirchner.<\/strong><\/p>\n\n\n\n<p>La convocatoria se conoci\u00f3 luego de la reuni\u00f3n ordinaria matutina, en la cual los magistrados habr\u00edan consensuado la necesidad de un encuentro adicional.<strong> Desde el entorno judicial se confirm\u00f3 que el expediente comenz\u00f3 a circular para la firma de los jueces y se encuentra actualmente en la secretar\u00eda de Lorenzetti, uno de los integrantes del tribunal.<\/strong><\/p>\n\n\n\n<p>La<strong> Corte debe resolver si rechaza el recurso de queja presentado por la defensa de la exvicepresidenta, lo que implicar\u00eda confirmar la condena a seis a\u00f1os de prisi\u00f3n e inhabilitaci\u00f3n para ejercer cargos p\u00fablicos por fraude en la adjudicaci\u00f3n de obra p\u00fablica en Santa Cruz. <\/strong>Tambi\u00e9n existe la posibilidad de que el m\u00e1ximo tribunal tome en cuenta el pedido del fiscal Mario Villar, avalado por el procurador general Eduardo Casal, para que<strong> se reabra la acusaci\u00f3n por asociaci\u00f3n il\u00edcita, lo que podr\u00eda elevar la pena a doce a\u00f1os.<\/strong><\/p>\n\n\n\n<blockquote class=\"wp-block-quote is-layout-flow wp-block-quote-is-layout-flow\">\n<p>El fallo de la Corte requiere el acuerdo de al menos tres ministros, ya que actualmente hay dos vacantes en el tribunal de cinco miembros. En caso de desacuerdo, se deber\u00e1 recurrir a conjueces, lo que dilatar\u00eda los tiempos del pronunciamiento.<\/p>\n<\/blockquote>\n\n\n\n<p>Una vez resuelto el recurso,<strong> la Corte remitir\u00e1 el expediente al Tribunal Oral que dict\u00f3 la condena, que ser\u00e1 el encargado de oficializar el c\u00f3mputo de la pena y su fecha de cumplimiento.<\/strong><\/p>\n\n\n\n<p>Sin embargo,<strong> la defensa de Fern\u00e1ndez de Kirchner podr\u00e1 solicitar la prisi\u00f3n domiciliaria, ya que la ley permite este beneficio para mayores de 70 a\u00f1os \u2014ella tiene 72\u2014.<\/strong> La decisi\u00f3n quedar\u00e1 en manos de los jueces, quienes deber\u00e1n evaluar si se cumplen los criterios legales para conceder ese r\u00e9gimen.<\/p>\n\n\n\n<p><\/p>\n","protected":false},"excerpt":{"rendered":"<p>Ser\u00e1 desde las 16:00 horas en el Palacio de Tribunales. En caso de rechazar el recurso de queja, el Tribunal<\/p>\n","protected":false},"author":2,"featured_media":173754,"comment_status":"closed","ping_status":"closed","sticky":false,"template":"","format":"standard","meta":{"_jetpack_memberships_contains_paid_content":false,"footnotes":""},"categories":[6,1],"tags":[],"class_list":["post-173753","post","type-post","status-publish","format-standard","has-post-thumbnail","hentry","category-nacionales","category-portada"],"jetpack_featured_media_url":"https:\/\/i0.wp.com\/cdnoticias.com\/wp-content\/uploads\/2025\/06\/CFK.jpg?fit=1280%2C853&ssl=1","jetpack_sharing_enabled":true,"_links":{"self":[{"href":"https:\/\/cdnoticias.com\/index.php\/wp-json\/wp\/v2\/posts\/173753","targetHints":{"allow":["GET"]}}],"collection":[{"href":"https:\/\/cdnoticias.com\/index.php\/wp-json\/wp\/v2\/posts"}],"about":[{"href":"https:\/\/cdnoticias.com\/index.php\/wp-json\/wp\/v2\/types\/post"}],"author":[{"embeddable":true,"href":"https:\/\/cdnoticias.com\/index.php\/wp-json\/wp\/v2\/users\/2"}],"replies":[{"embeddable":true,"href":"https:\/\/cdnoticias.com\/index.php\/wp-json\/wp\/v2\/comments?post=173753"}],"version-history":[{"count":0,"href":"https:\/\/cdnoticias.com\/index.php\/wp-json\/wp\/v2\/posts\/173753\/revisions"}],"wp:featuredmedia":[{"embeddable":true,"href":"https:\/\/cdnoticias.com\/index.php\/wp-json\/wp\/v2\/media\/173754"}],"wp:attachment":[{"href":"https:\/\/cdnoticias.com\/index.php\/wp-json\/wp\/v2\/media?parent=173753"}],"wp:term":[{"taxonomy":"category","embeddable":true,"href":"https:\/\/cdnoticias.com\/index.php\/wp-json\/wp\/v2\/categories?post=173753"},{"taxonomy":"post_tag","embeddable":true,"href":"https:\/\/cdnoticias.com\/index.php\/wp-json\/wp\/v2\/tags?post=173753"}],"curies":[{"name":"wp","href":"https:\/\/api.w.org\/{rel}","templated":true}]}}