{"id":173749,"date":"2025-06-10T16:30:07","date_gmt":"2025-06-10T19:30:07","guid":{"rendered":"https:\/\/cdnoticias.com\/?p=173749"},"modified":"2025-06-10T16:30:09","modified_gmt":"2025-06-10T19:30:09","slug":"seguridad-vial-el-pro-se-pregunta-donde-esta-la-prevencion-del-municipio","status":"publish","type":"post","link":"https:\/\/cdnoticias.com\/index.php\/2025\/06\/10\/seguridad-vial-el-pro-se-pregunta-donde-esta-la-prevencion-del-municipio\/","title":{"rendered":"Seguridad Vial: el PRO se pregunta \u00bfd\u00f3nde est\u00e1 la prevenci\u00f3n del Municipio?"},"content":{"rendered":"<p>\u201cDesde hace un a\u00f1o pedimos al Ejecutivo la demarcaci\u00f3n vial correspondiente en Av. Emiliozzi\u201d sostuvieron los bloques PRO-ERF y Juntos por Olavarr\u00eda. Se\u00f1alaron que se registran 6 v\u00edctimas fatales por siniestros viales en 2025.<!--more--><\/p>\n<p><strong>\u201cDesde hace un a\u00f1o pedimos al Ejecutivo la demarcaci\u00f3n vial correspondiente en Av. Emiliozzi.<\/strong> La falta de demarcaci\u00f3n la vuelve <strong>una arteria peligrosa<\/strong>, especialmente en horario nocturno o d\u00edas con niebla o lluvia. La ausencia de demarcaci\u00f3n genera un <strong>riesgo latente de accidentes<\/strong>\u201d, sostuvieron <strong>concejales de los bloques PRO-ERF y Juntos por Olavarr\u00eda.<\/strong><\/p>\n<blockquote><p>\u201cLa mala o inexistente demarcaci\u00f3n de la avenida Emiliozzi, por poner un ejemplo de tantos, ha provocado numerosos accidentes de tr\u00e1nsito con resultados de v\u00edctimas fatales y vecinos heridos\u201d, se\u00f1alaron concejales de los bloques PRO- ERF y Juntos por Olavarr\u00eda, en el marco del D\u00eda Nacional de la Seguridad Vial que se conmemora este martes.<\/p><\/blockquote>\n<p>Asimismo, recordaron que <strong>Olavarr\u00eda registra seis v\u00edctimas fatales<\/strong> como consecuencia de <strong>siniestros viales<\/strong> en lo que va de <strong>2025<\/strong>.<\/p>\n<p>En este sentido, los concejales indicaron que<strong> \u201cno vemos controles de tr\u00e1nsito en el Partido de Olavarr\u00eda<\/strong>, ya sea por alcoholemia, exceso de velocidad, ausencia de luces en veh\u00edculos, subestimaci\u00f3n a las normas de tr\u00e1nsito, escapes libres, falta de casco, entre otros\u201d.<\/p>\n<p>Asimismo, <strong>afirmaron que \u201cno existen campa\u00f1as de prevenci\u00f3n, educaci\u00f3n y concientizaci\u00f3n en seguridad vial\u201d<\/strong>.<\/p>\n<p>Recordaron la vigencia de la <strong>ordenanza 5530\/25<\/strong> que crea el <strong>Observatorio Vial Municipal del Partido de Olavarr\u00eda<\/strong> y por ello solicitaron <strong>un pedido de informes al Departamento Ejecutivo sobre su funcionamiento<\/strong>. En caso que se haya constituido, pidieron la documentaci\u00f3n de la convocatoria y constituci\u00f3n de sus integrantes; el informe sobre el resultado, diagn\u00f3stico y an\u00e1lisis acerca de los siniestros viales en Olavarr\u00eda; las problem\u00e1ticas viales detectadas en la organizaci\u00f3n vial de la ciudad; las pol\u00edticas p\u00fablicas y si existen nuevas estrategias aplicadas en seguridad vial; los programas de prevenci\u00f3n y concientizaci\u00f3n en educaci\u00f3n vial que se est\u00e1n aplicando en la actualidad y los resultados obtenidos en los controles de tr\u00e1nsito en el Partido de Olavarr\u00eda.<\/p>\n<p>\u201cAnunciaron con bombos y platillos la creaci\u00f3n de este observatorio y la verdad es que fue solamente un t\u00edtulo para los medios de comunicaci\u00f3n y redes sociales. En lo pr\u00e1ctico no aport\u00f3 ninguna soluci\u00f3n, todo lo contrario. <strong>Vemos que el tr\u00e1nsito en Olavarr\u00eda va de mal en peor<\/strong>\u201d, concluyeron.<\/p>\n","protected":false},"excerpt":{"rendered":"<p>\u201cDesde hace un a\u00f1o pedimos al Ejecutivo la demarcaci\u00f3n vial correspondiente en Av. Emiliozzi\u201d sostuvieron los bloques PRO-ERF y Juntos<\/p>\n","protected":false},"author":4,"featured_media":173750,"comment_status":"closed","ping_status":"closed","sticky":false,"template":"","format":"standard","meta":{"_jetpack_memberships_contains_paid_content":false,"footnotes":""},"categories":[4,1],"tags":[],"class_list":["post-173749","post","type-post","status-publish","format-standard","has-post-thumbnail","hentry","category-politica","category-portada"],"jetpack_featured_media_url":"https:\/\/i0.wp.com\/cdnoticias.com\/wp-content\/uploads\/2025\/06\/HCD-carlos-coscia.jpeg?fit=1000%2C556&ssl=1","jetpack_sharing_enabled":true,"_links":{"self":[{"href":"https:\/\/cdnoticias.com\/index.php\/wp-json\/wp\/v2\/posts\/173749","targetHints":{"allow":["GET"]}}],"collection":[{"href":"https:\/\/cdnoticias.com\/index.php\/wp-json\/wp\/v2\/posts"}],"about":[{"href":"https:\/\/cdnoticias.com\/index.php\/wp-json\/wp\/v2\/types\/post"}],"author":[{"embeddable":true,"href":"https:\/\/cdnoticias.com\/index.php\/wp-json\/wp\/v2\/users\/4"}],"replies":[{"embeddable":true,"href":"https:\/\/cdnoticias.com\/index.php\/wp-json\/wp\/v2\/comments?post=173749"}],"version-history":[{"count":0,"href":"https:\/\/cdnoticias.com\/index.php\/wp-json\/wp\/v2\/posts\/173749\/revisions"}],"wp:featuredmedia":[{"embeddable":true,"href":"https:\/\/cdnoticias.com\/index.php\/wp-json\/wp\/v2\/media\/173750"}],"wp:attachment":[{"href":"https:\/\/cdnoticias.com\/index.php\/wp-json\/wp\/v2\/media?parent=173749"}],"wp:term":[{"taxonomy":"category","embeddable":true,"href":"https:\/\/cdnoticias.com\/index.php\/wp-json\/wp\/v2\/categories?post=173749"},{"taxonomy":"post_tag","embeddable":true,"href":"https:\/\/cdnoticias.com\/index.php\/wp-json\/wp\/v2\/tags?post=173749"}],"curies":[{"name":"wp","href":"https:\/\/api.w.org\/{rel}","templated":true}]}}