{"id":173744,"date":"2025-06-10T17:01:15","date_gmt":"2025-06-10T20:01:15","guid":{"rendered":"https:\/\/cdnoticias.com\/?p=173744"},"modified":"2025-06-10T17:01:18","modified_gmt":"2025-06-10T20:01:18","slug":"elecciones-sumaran-un-cuarto-oscuro-accesible-para-personas-con-alguna-limitacion-fisica-o-motriz","status":"publish","type":"post","link":"https:\/\/cdnoticias.com\/index.php\/2025\/06\/10\/elecciones-sumaran-un-cuarto-oscuro-accesible-para-personas-con-alguna-limitacion-fisica-o-motriz\/","title":{"rendered":"Elecciones: sumar\u00e1n un \u201cCuarto Oscuro Accesible\u201d para personas con alguna limitaci\u00f3n f\u00edsica o motriz"},"content":{"rendered":"<p>Seg\u00fan la Junta Electoral bonaerense, el cuarto debe habilitarse en la mesa de votaci\u00f3n ubicada con mayor proximidad al ingreso del establecimiento.<!--more--><\/p>\n<hr \/>\n<p>La<strong> Junta Electoral de la provincia de Buenos Aires<\/strong> resolvi\u00f3 <strong>incorporar el \u201cCuarto Oscuro Accesible\u201d (COA)<\/strong> para garantizar en los pr\u00f3ximos comicios el ejercicio del voto de los <strong>electores bonaerenses que tengan una limitaci\u00f3n f\u00edsica, visual, motriz u otra permanente o transitoria<\/strong> que impida, restrinja o dificulte el ejercicio del voto.<\/p>\n<blockquote><p>Seg\u00fan la disposici\u00f3n del organismo, el mismo debe habilitarse en la mesa de votaci\u00f3n ubicada con mayor proximidad al ingreso del establecimiento y sin obst\u00e1culos para los electores.<\/p><\/blockquote>\n<p>En este contexto, <strong>el delegado Electoral tendr\u00e1 la responsabilidad de habilitar<\/strong>, por lo menos un COA en cada establecimiento de votaci\u00f3n. De acuerdo con lo establecido por la Junta, en caso de que no haya suficientes espacios cerrados para disponer de cuartos oscuros, <strong>se habilitar\u00e1n Cuartos Oscuros M\u00f3viles (COM)<\/strong>, que deber\u00e1 contar con el dispositivo electoral complementario (porta boletas).<\/p>\n<p>As\u00ed, <strong>aquellos electores con una discapacidad o condici\u00f3n f\u00edsica permanente o transitoria<\/strong> que impida, restrinja o dificulte la accesibilidad para el ejercicio del voto, como as\u00ed los no videntes, <strong>podr\u00e1n ser asistidos y acompa\u00f1ados por una persona de su elecci\u00f3n<\/strong> que acredite debidamente su identidad ante las autoridades de mesa. Esta persona s\u00f3lo podr\u00e1 asistir en la votaci\u00f3n a un elector por mesa.<\/p>\n<p>En caso que el elector concurra en soledad para ejercer su derecho a votar, <strong>puede solicitar asistencia al presidente de mesa y\/o los fiscales<\/strong>. Uno de ellos deber\u00e1 acompa\u00f1ar al elector y retirarse cuando \u00e9l quede en condiciones de practicar la elecci\u00f3n a solas.<\/p>\n<p>Asimismo, se prev\u00e9 <strong>realizar capacitaciones de autoridades de mesa, de los delegados Electorales y de los votantes<\/strong>, as\u00ed como elaborar directivas o instrucciones necesarias al \u201cComando Electoral Provincial\u201d por parte de la Junta Electoral, destinadas a <strong>garantizar la accesibilidad al voto de las personas con discapacidad<\/strong>, en condiciones de igualdad y no discriminaci\u00f3n.<\/p>\n<p>Finalmente se dispuso que la <strong>exclusi\u00f3n del listado de autoridades de mesa<\/strong> a los ciudadanos titulares del certificado \u00fanico de discapacidad (CUD), adelantando as\u00ed su excusaci\u00f3n de oficio y eximirlos del Registro de Infractores.<\/p>\n<p>Fuente: <em>Agencia DIB<\/em><\/p>\n","protected":false},"excerpt":{"rendered":"<p>Seg\u00fan la Junta Electoral bonaerense, el cuarto debe habilitarse en la mesa de votaci\u00f3n ubicada con mayor proximidad al ingreso<\/p>\n","protected":false},"author":4,"featured_media":173745,"comment_status":"closed","ping_status":"closed","sticky":false,"template":"","format":"standard","meta":{"_jetpack_memberships_contains_paid_content":false,"footnotes":""},"categories":[6,1],"tags":[],"class_list":["post-173744","post","type-post","status-publish","format-standard","has-post-thumbnail","hentry","category-nacionales","category-portada"],"jetpack_featured_media_url":"https:\/\/i0.wp.com\/cdnoticias.com\/wp-content\/uploads\/2025\/06\/elecciones-cuarto-oscuro-accesible.jpg?fit=681%2C420&ssl=1","jetpack_sharing_enabled":true,"_links":{"self":[{"href":"https:\/\/cdnoticias.com\/index.php\/wp-json\/wp\/v2\/posts\/173744","targetHints":{"allow":["GET"]}}],"collection":[{"href":"https:\/\/cdnoticias.com\/index.php\/wp-json\/wp\/v2\/posts"}],"about":[{"href":"https:\/\/cdnoticias.com\/index.php\/wp-json\/wp\/v2\/types\/post"}],"author":[{"embeddable":true,"href":"https:\/\/cdnoticias.com\/index.php\/wp-json\/wp\/v2\/users\/4"}],"replies":[{"embeddable":true,"href":"https:\/\/cdnoticias.com\/index.php\/wp-json\/wp\/v2\/comments?post=173744"}],"version-history":[{"count":0,"href":"https:\/\/cdnoticias.com\/index.php\/wp-json\/wp\/v2\/posts\/173744\/revisions"}],"wp:featuredmedia":[{"embeddable":true,"href":"https:\/\/cdnoticias.com\/index.php\/wp-json\/wp\/v2\/media\/173745"}],"wp:attachment":[{"href":"https:\/\/cdnoticias.com\/index.php\/wp-json\/wp\/v2\/media?parent=173744"}],"wp:term":[{"taxonomy":"category","embeddable":true,"href":"https:\/\/cdnoticias.com\/index.php\/wp-json\/wp\/v2\/categories?post=173744"},{"taxonomy":"post_tag","embeddable":true,"href":"https:\/\/cdnoticias.com\/index.php\/wp-json\/wp\/v2\/tags?post=173744"}],"curies":[{"name":"wp","href":"https:\/\/api.w.org\/{rel}","templated":true}]}}