{"id":173730,"date":"2025-06-11T12:39:55","date_gmt":"2025-06-11T15:39:55","guid":{"rendered":"https:\/\/cdnoticias.com\/?p=173730"},"modified":"2025-06-11T18:12:59","modified_gmt":"2025-06-11T21:12:59","slug":"alerta-amarilla-por-vientos-desde-esta-noche-en-olavarria","status":"publish","type":"post","link":"https:\/\/cdnoticias.com\/index.php\/2025\/06\/11\/alerta-amarilla-por-vientos-desde-esta-noche-en-olavarria\/","title":{"rendered":"Alerta amarilla por vientos desde esta noche en Olavarr\u00eda"},"content":{"rendered":"\n<p>Hasta la ma\u00f1ana del jueves se extender\u00e1 el fen\u00f3meno, tal como anticip\u00f3 el Servicio Meteorol\u00f3gico Nacional. Las r\u00e1fagas pueden superar los 70 km\/h. Las recomendaciones.<\/p>\n\n\n\n<hr class=\"wp-block-separator has-alpha-channel-opacity\"\/>\n\n\n\n<p>El Servicio Meteorol\u00f3gico Nacional (SMN) anticip\u00f3 para una<strong> alerta amarrilla por vientos<\/strong> para un sector de la provincia de Buenos Aires, en el que se encuentra incluida Olavarr\u00eda.<\/p>\n\n\n\n<p><\/p>\n\n\n\n<blockquote class=\"wp-block-quote is-layout-flow wp-block-quote-is-layout-flow\">\n<p>Seg\u00fan indic\u00f3, durante la noche de este mi\u00e9rcoles, la madrugada y la ma\u00f1ana del jueves \u201cel \u00e1rea ser\u00e1 afectada por vientos del sector norte con velocidades entre los 30 y 50 km\/h, con r\u00e1fagas que pueden superar los 70 km\/h\u201d.<\/p>\n<\/blockquote>\n\n\n\n<p><\/p>\n\n\n\n<p>En tanto, se anuncia una jornada con <strong>cielo mayormente nublado<\/strong>, una temperatura <strong>m\u00ednima de 5\u00b0C y una m\u00e1xima de 15\u00b0C.<\/strong><\/p>\n\n\n<blockquote class=\"twitter-tweet\">\n<p dir=\"ltr\" lang=\"es\">10 JUN | \ud83c\udf2c\ufe0f Desde la madrugada de este mi\u00e9rcoles, el centro del pa\u00eds se ver\u00e1 afectado por vientos del sector norte<\/p>\n<p>\u26a0\ufe0f 9 provincias est\u00e1n bajo alerta amarilla por viento. En algunos sectores, por la tarde, se prev\u00e9n r\u00e1fagas de entre 70 y 100 km\/h<\/p>\n<p>\ud83d\udc49 <a href=\"https:\/\/t.co\/GRjfngFWuF\">https:\/\/t.co\/GRjfngFWuF<\/a> <a href=\"https:\/\/t.co\/Ib5B6ZCJjp\">pic.twitter.com\/Ib5B6ZCJjp<\/a><\/p>\n<p>\u2014 SMN Argentina (@SMN_Argentina) <a href=\"https:\/\/twitter.com\/SMN_Argentina\/status\/1932521397592490259?ref_src=twsrc%5Etfw\">June 10, 2025<\/a><\/p>\n<\/blockquote>\n<p><script async src=\"https:\/\/platform.twitter.com\/widgets.js\" charset=\"utf-8\"><\/script><\/p>\n<p><strong>Las regiones centro, sur y oeste de la provincia de Buenos Aires est\u00e1n alcanzadas por la advertencia<\/strong> por los fuertes vientos, al igual que regiones de otras ocho provincias de la franja central y oeste del pa\u00eds.<\/p>\n<p>Una alerta amarilla implica <strong>\u201cposibles fen\u00f3menos meteorol\u00f3gicos con capacidad de da\u00f1o y riesgo de interrupci\u00f3n moment\u00e1nea de actividades cotidianas\u201d<\/strong>. Para no sufrir las consecuencias negativas,<strong> el SMN recomienda<\/strong>:<\/p>\n<p>1- Evitar actividades al aire libre.<\/p>\n<p>2- Asegurar los elementos que puedan volarse.<\/p>\n<p>3- Tener siempre lista una mochila de emergencias con linterna, radio, documentos y tel\u00e9fono, y estar al tanto de las novedades que publiquen las autoridades.<\/p>","protected":false},"excerpt":{"rendered":"<p>Hasta la ma\u00f1ana del jueves se extender\u00e1 el fen\u00f3meno, tal como anticip\u00f3 el Servicio Meteorol\u00f3gico Nacional. Las r\u00e1fagas pueden superar<\/p>\n","protected":false},"author":5,"featured_media":66965,"comment_status":"closed","ping_status":"closed","sticky":false,"template":"","format":"standard","meta":{"_jetpack_memberships_contains_paid_content":false,"footnotes":""},"categories":[5,1],"tags":[],"class_list":["post-173730","post","type-post","status-publish","format-standard","has-post-thumbnail","hentry","category-informacion-general","category-portada"],"jetpack_featured_media_url":"https:\/\/i0.wp.com\/cdnoticias.com\/wp-content\/uploads\/2022\/10\/dib-viento.jpg?fit=800%2C445&ssl=1","jetpack_sharing_enabled":true,"_links":{"self":[{"href":"https:\/\/cdnoticias.com\/index.php\/wp-json\/wp\/v2\/posts\/173730","targetHints":{"allow":["GET"]}}],"collection":[{"href":"https:\/\/cdnoticias.com\/index.php\/wp-json\/wp\/v2\/posts"}],"about":[{"href":"https:\/\/cdnoticias.com\/index.php\/wp-json\/wp\/v2\/types\/post"}],"author":[{"embeddable":true,"href":"https:\/\/cdnoticias.com\/index.php\/wp-json\/wp\/v2\/users\/5"}],"replies":[{"embeddable":true,"href":"https:\/\/cdnoticias.com\/index.php\/wp-json\/wp\/v2\/comments?post=173730"}],"version-history":[{"count":0,"href":"https:\/\/cdnoticias.com\/index.php\/wp-json\/wp\/v2\/posts\/173730\/revisions"}],"wp:featuredmedia":[{"embeddable":true,"href":"https:\/\/cdnoticias.com\/index.php\/wp-json\/wp\/v2\/media\/66965"}],"wp:attachment":[{"href":"https:\/\/cdnoticias.com\/index.php\/wp-json\/wp\/v2\/media?parent=173730"}],"wp:term":[{"taxonomy":"category","embeddable":true,"href":"https:\/\/cdnoticias.com\/index.php\/wp-json\/wp\/v2\/categories?post=173730"},{"taxonomy":"post_tag","embeddable":true,"href":"https:\/\/cdnoticias.com\/index.php\/wp-json\/wp\/v2\/tags?post=173730"}],"curies":[{"name":"wp","href":"https:\/\/api.w.org\/{rel}","templated":true}]}}