{"id":173700,"date":"2025-06-09T20:13:52","date_gmt":"2025-06-09T23:13:52","guid":{"rendered":"https:\/\/cdnoticias.com\/?p=173700"},"modified":"2025-06-09T20:14:55","modified_gmt":"2025-06-09T23:14:55","slug":"ariel-sivori-y-paola-allevato-se-consagraron-en-la-15-edicion-de-la-mtb-kinewn","status":"publish","type":"post","link":"https:\/\/cdnoticias.com\/index.php\/2025\/06\/09\/ariel-sivori-y-paola-allevato-se-consagraron-en-la-15-edicion-de-la-mtb-kinewn\/","title":{"rendered":"Ariel S\u00edvori y Paola Allevato se consagraron en la 15\u00b0 edici\u00f3n de la MTB Ki\u00f1ewn"},"content":{"rendered":"\n<p>Fue este domingo, en un gran marco de Colonia San Miguel. El olavarriense Cristian Rold\u00e1n, el mejor local ubicado en el top 10.<\/p>\n\n\n\n<hr class=\"wp-block-separator aligncenter has-alpha-channel-opacity\"\/>\n\n\n\n<p><em>Fotos: Prensa Ki\u00f1ewn<\/em><\/p>\n\n\n\n<p>Tras dos postergaciones por mal clima, finalmente <strong>se corri\u00f3 este fin de semana la 15\u00b0 edici\u00f3n de la tradicional MTB Ki\u00f1ewn, que tuvo como epicentro a Colonia San Miguel y cont\u00f3 con la participaci\u00f3n de m\u00e1s de 200 atletas.<\/strong> La competencia, organizada con fines solidarios por el Grupo Ki\u00f1ewn, se desarroll\u00f3 sobre un exigente recorrido rural de 60 kil\u00f3metros.<\/p>\n\n\n\n<figure class=\"wp-block-image size-large\"><img data-recalc-dims=\"1\" loading=\"lazy\" decoding=\"async\" width=\"800\" height=\"534\" src=\"https:\/\/i0.wp.com\/cdnoticias.com\/wp-content\/uploads\/2025\/06\/KUK_1076.jpg?resize=800%2C534&#038;ssl=1\" alt=\"\" class=\"wp-image-173704\" srcset=\"https:\/\/i0.wp.com\/cdnoticias.com\/wp-content\/uploads\/2025\/06\/KUK_1076.jpg?resize=1024%2C683&amp;ssl=1 1024w, https:\/\/i0.wp.com\/cdnoticias.com\/wp-content\/uploads\/2025\/06\/KUK_1076.jpg?resize=300%2C200&amp;ssl=1 300w, https:\/\/i0.wp.com\/cdnoticias.com\/wp-content\/uploads\/2025\/06\/KUK_1076.jpg?resize=768%2C512&amp;ssl=1 768w, https:\/\/i0.wp.com\/cdnoticias.com\/wp-content\/uploads\/2025\/06\/KUK_1076.jpg?resize=1536%2C1024&amp;ssl=1 1536w, https:\/\/i0.wp.com\/cdnoticias.com\/wp-content\/uploads\/2025\/06\/KUK_1076.jpg?resize=2048%2C1366&amp;ssl=1 2048w, https:\/\/i0.wp.com\/cdnoticias.com\/wp-content\/uploads\/2025\/06\/KUK_1076.jpg?resize=272%2C182&amp;ssl=1 272w, https:\/\/i0.wp.com\/cdnoticias.com\/wp-content\/uploads\/2025\/06\/KUK_1076.jpg?w=1600&amp;ssl=1 1600w, https:\/\/i0.wp.com\/cdnoticias.com\/wp-content\/uploads\/2025\/06\/KUK_1076.jpg?w=2400&amp;ssl=1 2400w\" sizes=\"auto, (max-width: 800px) 100vw, 800px\" \/><\/figure>\n\n\n\n<figure class=\"wp-block-image size-large\"><img data-recalc-dims=\"1\" loading=\"lazy\" decoding=\"async\" width=\"800\" height=\"533\" src=\"https:\/\/i0.wp.com\/cdnoticias.com\/wp-content\/uploads\/2025\/06\/DIE_1527-319.jpg?resize=800%2C533&#038;ssl=1\" alt=\"\" class=\"wp-image-173702\" srcset=\"https:\/\/i0.wp.com\/cdnoticias.com\/wp-content\/uploads\/2025\/06\/DIE_1527-319.jpg?resize=1024%2C682&amp;ssl=1 1024w, https:\/\/i0.wp.com\/cdnoticias.com\/wp-content\/uploads\/2025\/06\/DIE_1527-319.jpg?resize=300%2C200&amp;ssl=1 300w, https:\/\/i0.wp.com\/cdnoticias.com\/wp-content\/uploads\/2025\/06\/DIE_1527-319.jpg?resize=768%2C512&amp;ssl=1 768w, https:\/\/i0.wp.com\/cdnoticias.com\/wp-content\/uploads\/2025\/06\/DIE_1527-319.jpg?resize=1536%2C1024&amp;ssl=1 1536w, https:\/\/i0.wp.com\/cdnoticias.com\/wp-content\/uploads\/2025\/06\/DIE_1527-319.jpg?resize=272%2C182&amp;ssl=1 272w, https:\/\/i0.wp.com\/cdnoticias.com\/wp-content\/uploads\/2025\/06\/DIE_1527-319.jpg?w=2000&amp;ssl=1 2000w, https:\/\/i0.wp.com\/cdnoticias.com\/wp-content\/uploads\/2025\/06\/DIE_1527-319.jpg?w=1600&amp;ssl=1 1600w\" sizes=\"auto, (max-width: 800px) 100vw, 800px\" \/><\/figure>\n\n\n\n<p>Desde los primeros tramos de la carrera,<strong> Ariel S\u00edvori (Chivilcoy) y el tandilense Emanuel Conforti marcaron el ritmo en la punta entre los Caballeros, mientras que en Damas, Paola Allevato, de Rojas, logr\u00f3 hacer diferencia sobre Vanesa Arce en el inicio y mantuvo su ventaja durante toda la competencia.<\/strong><\/p>\n\n\n\n<p>El terreno pesado y el viento sumaron dificultad a la prueba, pero<strong> S\u00edvori logr\u00f3 imponerse tras m\u00e1s de dos horas de carrera, qued\u00e1ndose nuevamente con la victoria en esta prueba, mientras que Allevato se coron\u00f3 entre las mujeres con la ventaja construida en los primeros 30 kil\u00f3metros.<\/strong><\/p>\n\n\n\n<figure class=\"wp-block-image size-large\"><img data-recalc-dims=\"1\" loading=\"lazy\" decoding=\"async\" width=\"800\" height=\"534\" src=\"https:\/\/i0.wp.com\/cdnoticias.com\/wp-content\/uploads\/2025\/06\/KUK_1150.jpg?resize=800%2C534&#038;ssl=1\" alt=\"\" class=\"wp-image-173703\" srcset=\"https:\/\/i0.wp.com\/cdnoticias.com\/wp-content\/uploads\/2025\/06\/KUK_1150.jpg?resize=1024%2C683&amp;ssl=1 1024w, https:\/\/i0.wp.com\/cdnoticias.com\/wp-content\/uploads\/2025\/06\/KUK_1150.jpg?resize=300%2C200&amp;ssl=1 300w, https:\/\/i0.wp.com\/cdnoticias.com\/wp-content\/uploads\/2025\/06\/KUK_1150.jpg?resize=768%2C512&amp;ssl=1 768w, https:\/\/i0.wp.com\/cdnoticias.com\/wp-content\/uploads\/2025\/06\/KUK_1150.jpg?resize=1536%2C1024&amp;ssl=1 1536w, https:\/\/i0.wp.com\/cdnoticias.com\/wp-content\/uploads\/2025\/06\/KUK_1150.jpg?resize=2048%2C1366&amp;ssl=1 2048w, https:\/\/i0.wp.com\/cdnoticias.com\/wp-content\/uploads\/2025\/06\/KUK_1150.jpg?resize=272%2C182&amp;ssl=1 272w, https:\/\/i0.wp.com\/cdnoticias.com\/wp-content\/uploads\/2025\/06\/KUK_1150.jpg?w=1600&amp;ssl=1 1600w, https:\/\/i0.wp.com\/cdnoticias.com\/wp-content\/uploads\/2025\/06\/KUK_1150.jpg?w=2400&amp;ssl=1 2400w\" sizes=\"auto, (max-width: 800px) 100vw, 800px\" \/><\/figure>\n\n\n\n<p>Entre los representantes locales<strong>, Cristian Rold\u00e1n fue el mejor clasificado al ubicarse en el 10\u00b0 puesto en la categor\u00eda principal, y en Damas, Mar\u00eda Jos\u00e9 Garc\u00eda fue la olavarriense mejor posicionada.<\/strong><\/p>\n\n\n\n<figure class=\"wp-block-image size-large\"><img data-recalc-dims=\"1\" loading=\"lazy\" decoding=\"async\" width=\"800\" height=\"533\" src=\"https:\/\/i0.wp.com\/cdnoticias.com\/wp-content\/uploads\/2025\/06\/DIE_1579-371.jpg?resize=800%2C533&#038;ssl=1\" alt=\"\" class=\"wp-image-173701\" srcset=\"https:\/\/i0.wp.com\/cdnoticias.com\/wp-content\/uploads\/2025\/06\/DIE_1579-371.jpg?resize=1024%2C682&amp;ssl=1 1024w, https:\/\/i0.wp.com\/cdnoticias.com\/wp-content\/uploads\/2025\/06\/DIE_1579-371.jpg?resize=300%2C200&amp;ssl=1 300w, https:\/\/i0.wp.com\/cdnoticias.com\/wp-content\/uploads\/2025\/06\/DIE_1579-371.jpg?resize=768%2C512&amp;ssl=1 768w, https:\/\/i0.wp.com\/cdnoticias.com\/wp-content\/uploads\/2025\/06\/DIE_1579-371.jpg?resize=1536%2C1024&amp;ssl=1 1536w, https:\/\/i0.wp.com\/cdnoticias.com\/wp-content\/uploads\/2025\/06\/DIE_1579-371.jpg?resize=272%2C182&amp;ssl=1 272w, https:\/\/i0.wp.com\/cdnoticias.com\/wp-content\/uploads\/2025\/06\/DIE_1579-371.jpg?w=2000&amp;ssl=1 2000w, https:\/\/i0.wp.com\/cdnoticias.com\/wp-content\/uploads\/2025\/06\/DIE_1579-371.jpg?w=1600&amp;ssl=1 1600w\" sizes=\"auto, (max-width: 800px) 100vw, 800px\" \/><\/figure>\n\n\n\n<p>En la categor\u00eda Principiantes, se destacaron el juvenil<strong> Santiago Erripa y Manuela Roccasalva<\/strong>, quienes se quedaron con los primeros puestos en sus respectivas divisiones.<\/p>\n","protected":false},"excerpt":{"rendered":"<p>Fue este domingo, en un gran marco de Colonia San Miguel. El olavarriense Cristian Rold\u00e1n, el mejor local ubicado en<\/p>\n","protected":false},"author":2,"featured_media":173705,"comment_status":"closed","ping_status":"closed","sticky":false,"template":"","format":"standard","meta":{"_jetpack_memberships_contains_paid_content":false,"footnotes":""},"categories":[29,30,1],"tags":[],"class_list":["post-173700","post","type-post","status-publish","format-standard","has-post-thumbnail","hentry","category-deportes","category-polideportivo","category-portada"],"jetpack_featured_media_url":"https:\/\/i0.wp.com\/cdnoticias.com\/wp-content\/uploads\/2025\/06\/KUK_0516.jpg?fit=2500%2C1667&ssl=1","jetpack_sharing_enabled":true,"_links":{"self":[{"href":"https:\/\/cdnoticias.com\/index.php\/wp-json\/wp\/v2\/posts\/173700","targetHints":{"allow":["GET"]}}],"collection":[{"href":"https:\/\/cdnoticias.com\/index.php\/wp-json\/wp\/v2\/posts"}],"about":[{"href":"https:\/\/cdnoticias.com\/index.php\/wp-json\/wp\/v2\/types\/post"}],"author":[{"embeddable":true,"href":"https:\/\/cdnoticias.com\/index.php\/wp-json\/wp\/v2\/users\/2"}],"replies":[{"embeddable":true,"href":"https:\/\/cdnoticias.com\/index.php\/wp-json\/wp\/v2\/comments?post=173700"}],"version-history":[{"count":0,"href":"https:\/\/cdnoticias.com\/index.php\/wp-json\/wp\/v2\/posts\/173700\/revisions"}],"wp:featuredmedia":[{"embeddable":true,"href":"https:\/\/cdnoticias.com\/index.php\/wp-json\/wp\/v2\/media\/173705"}],"wp:attachment":[{"href":"https:\/\/cdnoticias.com\/index.php\/wp-json\/wp\/v2\/media?parent=173700"}],"wp:term":[{"taxonomy":"category","embeddable":true,"href":"https:\/\/cdnoticias.com\/index.php\/wp-json\/wp\/v2\/categories?post=173700"},{"taxonomy":"post_tag","embeddable":true,"href":"https:\/\/cdnoticias.com\/index.php\/wp-json\/wp\/v2\/tags?post=173700"}],"curies":[{"name":"wp","href":"https:\/\/api.w.org\/{rel}","templated":true}]}}