{"id":173681,"date":"2025-06-09T20:32:43","date_gmt":"2025-06-09T23:32:43","guid":{"rendered":"https:\/\/cdnoticias.com\/?p=173681"},"modified":"2025-06-10T09:38:07","modified_gmt":"2025-06-10T12:38:07","slug":"madres-unidas-contra-la-droga-son-desgarradores-los-relatos","status":"publish","type":"post","link":"https:\/\/cdnoticias.com\/index.php\/2025\/06\/09\/madres-unidas-contra-la-droga-son-desgarradores-los-relatos\/","title":{"rendered":"Madres unidas contra la droga: \u201cSon desgarradores los relatos\u201d"},"content":{"rendered":"\n<p><\/p>\n\n\n\n<p>Este martes se realizar\u00e1 el primer encuentro en General Paz 3180. \u201cLa problem\u00e1tica no distingue g\u00e9neros ni edades\u201d se\u00f1alaron las integrantes de la agrupaci\u00f3n Carla Ortiz y Nuria Pola en di\u00e1logo con Central. C\u00f3mo sumarse a la iniciativa.&nbsp;<\/p>\n\n\n\n<hr class=\"wp-block-separator aligncenter has-alpha-channel-opacity\"\/>\n\n\n\n<p>Este <strong>martes 10 a partir de las 17 horas<\/strong> se llevar\u00e1 a cabo el<strong> primer encuentro de \u201cMadres unidas contra la droga\u201d <\/strong>de la rama Vientos de Libertad del MTE para hablar sobre la problem\u00e1tica actual y buscar soluciones tejiendo redes.<\/p>\n\n\n\n<p><\/p>\n\n\n\n<p><em>Central de Noticias<\/em> dialog\u00f3 con <strong>Nuria Pola, militante del MTE y acompa\u00f1ante de equipos en coordinaci\u00f3n y Carla Ortiz, militante del MTE y referente de Vientos de Libertad <\/strong>quienes contaron la realidad que atraviesa la ciudad y el pa\u00eds.&nbsp;<\/p>\n\n\n\n<p><\/p>\n\n\n\n<p><strong>\u201cLa iniciativa nace de nuestros barriales de la necesidad de trabajar con las madres. El consumo nos est\u00e1 atravesando y la problem\u00e1tica no distingue edades ni g\u00e9neros\u201d <\/strong>se\u00f1alaron las integrantes del espacio.&nbsp;<\/p>\n\n\n\n<p><\/p>\n\n\n\n<blockquote class=\"wp-block-quote is-layout-flow wp-block-quote-is-layout-flow\">\n<p>Actualmente las integrantes contaron que \u201ctenemos dos barriales de Viento de Libertad, uno en el barrio Nicol\u00e1s Avellaneda y otro en el barrio Coronel Dorrego. Ah\u00ed abordamos y acompa\u00f1amos a personas que quieren dejar de consumir. Tenemos un equipo interdisciplinario con psic\u00f3logas, trabajadoras sociales, coordinadoras y referentes. Al estar en el barrio muchas veces lo primero que llega es la mam\u00e1 desesperada o alg\u00fan familiar pidiendo ayuda\u201d.&nbsp;<\/p>\n<\/blockquote>\n\n\n\n<p><\/p>\n\n\n\n<p><\/p>\n\n\n\n<figure class=\"wp-block-image aligncenter size-full\"><img data-recalc-dims=\"1\" loading=\"lazy\" decoding=\"async\" width=\"800\" height=\"493\" src=\"https:\/\/i0.wp.com\/cdnoticias.com\/wp-content\/uploads\/2025\/06\/mte-mujeres-encuentro.png?resize=800%2C493&#038;ssl=1\" alt=\"\" class=\"wp-image-173675\" srcset=\"https:\/\/i0.wp.com\/cdnoticias.com\/wp-content\/uploads\/2025\/06\/mte-mujeres-encuentro.png?w=878&amp;ssl=1 878w, https:\/\/i0.wp.com\/cdnoticias.com\/wp-content\/uploads\/2025\/06\/mte-mujeres-encuentro.png?resize=300%2C185&amp;ssl=1 300w, https:\/\/i0.wp.com\/cdnoticias.com\/wp-content\/uploads\/2025\/06\/mte-mujeres-encuentro.png?resize=768%2C473&amp;ssl=1 768w\" sizes=\"auto, (max-width: 800px) 100vw, 800px\" \/><\/figure>\n\n\n\n<p>Asimismo agregaron: \u201cEstamos continuamente en capacitaciones. Hace unos a\u00f1os hac\u00edamos las capacitaciones de la Secretar\u00eda de Pol\u00edticas Integrales sobre Drogas de la Naci\u00f3n Argentina (SEDRONAR) y este a\u00f1o la misma rama nos convoca y hacemos formaciones cada dos meses. <strong>Tenemos un equipo de legales y un equipo de psic\u00f3logos tambi\u00e9n a nivel nacional que nos acompa\u00f1an cuando tenemos que abordar unos casos m\u00e1s conflictivos tenemos ese lugar para encontrar herramientas entre todos\u201d<\/strong> indicaron.&nbsp;<\/p>\n\n\n\n<p><\/p>\n\n\n\n<blockquote class=\"wp-block-quote is-layout-flow wp-block-quote-is-layout-flow\">\n<p>La problem\u00e1tica abarca a mayores de 18 a\u00f1os pero actualmente \u201cllegan muchos menores junto a sus madres que llegan por la necesidad de ser escuchados y buscar una respuesta\u201d se\u00f1alaron.&nbsp;<\/p>\n<\/blockquote>\n\n\n\n<p><\/p>\n\n\n\n<p>Adem\u00e1s de la escucha, <strong><em>\u201clas madres se terminan haciendo parte nuestra tambi\u00e9n y terminan involucr\u00e1ndose en todas las actividades del espacio, principalmente las madres son las que cocinan en nuestros barriales para que los vecinos puedan buscar la vianda y participan de rondas de mujeres\u201d.&nbsp;<\/em><\/strong><\/p>\n\n\n\n<p><\/p>\n\n\n\n<p>\u201cEn estos tiempos de estos gobiernos neoliberales, estos gobiernos de ajuste, de crueldad aumenta un mont\u00f3n el narcomenudeo en los barrios porque el narco le viene a dar respuesta a las respuestas que no te da el Estado. Esto pasa ac\u00e1 en Olavarr\u00eda y en todas las provincias de la Argentina\u201d destacaron.&nbsp;<\/p>\n\n\n\n<p><\/p>\n\n\n\n<p>Adem\u00e1s agregaron: \u201cTenemos un recurso de la SEDRONAR que hace dos a\u00f1os que no se actualiza el monto y qued\u00f3 muy bajo. Eso viene de Naci\u00f3n, es la \u00fanica pol\u00edtica a nivel nacional que tenemos hoy nosotros ac\u00e1 en nuestros barriales. A nivel provincial est\u00e1 el CPA y estamos queriendo trabajar en conjunto con el Municipio\u201d.&nbsp;<\/p>\n\n\n\n<p><\/p>\n\n\n\n<figure class=\"wp-block-image aligncenter size-full\"><img data-recalc-dims=\"1\" loading=\"lazy\" decoding=\"async\" width=\"800\" height=\"450\" src=\"https:\/\/i0.wp.com\/cdnoticias.com\/wp-content\/uploads\/2025\/06\/mte-mujeres-encuentro2.jpg?resize=800%2C450&#038;ssl=1\" alt=\"\" class=\"wp-image-173673\" srcset=\"https:\/\/i0.wp.com\/cdnoticias.com\/wp-content\/uploads\/2025\/06\/mte-mujeres-encuentro2.jpg?w=900&amp;ssl=1 900w, https:\/\/i0.wp.com\/cdnoticias.com\/wp-content\/uploads\/2025\/06\/mte-mujeres-encuentro2.jpg?resize=300%2C169&amp;ssl=1 300w, https:\/\/i0.wp.com\/cdnoticias.com\/wp-content\/uploads\/2025\/06\/mte-mujeres-encuentro2.jpg?resize=768%2C432&amp;ssl=1 768w\" sizes=\"auto, (max-width: 800px) 100vw, 800px\" \/><\/figure>\n\n\n\n<p><\/p>\n\n\n\n<blockquote class=\"wp-block-quote is-layout-flow wp-block-quote-is-layout-flow\">\n<p>Con el Municipio se vienen reuniendo desde hace dos a\u00f1os. Las integrantes contaron que \u201cestamos queriendo trabajar con una pol\u00edtica de consumo problem\u00e1tico a nivel local.  Nosotros cuando decimos una pol\u00edtica de consumo ser\u00eda una secretar\u00eda aparte que tiene que tener cada territorio, cada municipio, porque no se puede trabajar la problem\u00e1tica con otras \u00e1reas, algo espec\u00edfico tiene que haber, no se trabaja igual con pibes que no tienen problemas del consumo problem\u00e1tico que con pibes que s\u00ed, son diferentes las herramientas, los lugares que se transitan y los talleres que se le proponen\u201d.&nbsp;<\/p>\n<\/blockquote>\n\n\n\n<p><\/p>\n\n\n\n<p class=\"has-medium-font-size\"><strong>La b\u00fasqueda de la ayuda por parte de las madres&nbsp;<\/strong><\/p>\n\n\n\n<p>Las integrantes del MTE se\u00f1alaron que \u201c<strong><em>principalmente est\u00e1n desesperadas porque los hijos e hijas se encuentran en consumo de pipa, que es una droga que es muy invasiva y muy letal\u201d.&nbsp;<\/em><\/strong><\/p>\n\n\n\n<p><\/p>\n\n\n\n<blockquote class=\"wp-block-quote is-layout-flow wp-block-quote-is-layout-flow\">\n<p>\u201cSon desgarradores los relatos de las madres. Hay situaciones de violencia, de negligencia y de no saber qu\u00e9 hacer porque es muy dif\u00edcil cuando una persona no quiere dejar el consumo. El deterioro es algo que en menos de cuatro meses se nota. Es terrible. Lo positivo es que entre las madres acompa\u00f1an a otras mam\u00e1s tambi\u00e9n\u201d remarcaron.&nbsp;<\/p>\n<\/blockquote>\n\n\n\n<p><\/p>\n\n\n\n<p>Carla Ortiz hace tres a\u00f1os que trabaja en estos espacios y resalt\u00f3 que <strong>\u201cla problem\u00e1tica siempre estuvo. Ahora estos \u00faltimos a\u00f1os es m\u00e1s grave, ya no tiene edades. El consumo se lleva no solamente la adolescencia, preadolescencia, familia, adultos. Es terrible lo que ha aumentado en Olavarr\u00eda el consumo\u201d.&nbsp;<\/strong><\/p>\n\n\n\n<p><\/p>\n\n\n\n<figure class=\"wp-block-image aligncenter size-full\"><img data-recalc-dims=\"1\" loading=\"lazy\" decoding=\"async\" width=\"800\" height=\"492\" src=\"https:\/\/i0.wp.com\/cdnoticias.com\/wp-content\/uploads\/2025\/06\/mte-mujeres-encuentro3.png?resize=800%2C492&#038;ssl=1\" alt=\"\" class=\"wp-image-173672\" srcset=\"https:\/\/i0.wp.com\/cdnoticias.com\/wp-content\/uploads\/2025\/06\/mte-mujeres-encuentro3.png?w=886&amp;ssl=1 886w, https:\/\/i0.wp.com\/cdnoticias.com\/wp-content\/uploads\/2025\/06\/mte-mujeres-encuentro3.png?resize=300%2C185&amp;ssl=1 300w, https:\/\/i0.wp.com\/cdnoticias.com\/wp-content\/uploads\/2025\/06\/mte-mujeres-encuentro3.png?resize=768%2C472&amp;ssl=1 768w\" sizes=\"auto, (max-width: 800px) 100vw, 800px\" \/><\/figure>\n\n\n\n<p><\/p>\n\n\n\n<p>El trabajo de acompa\u00f1amiento est\u00e1 enmarcado por la<strong> Ley de Salud Mental 26.657 <\/strong>y los programas CAAC Casa de atenci\u00f3n y acompa\u00f1amiento comunitario. En relaci\u00f3n a esto \u00faltimo, Ortiz cont\u00f3 el protocolo de actuaci\u00f3n ante el pedido de ayuda de las madres: \u201c<strong>Hacemos un asesoramiento con un protocolo de salud mental. Hacemos una primera escucha, siempre va la persona con un referente afectivo y tenemos el di\u00e1logo constante con las familias\u201d.&nbsp;<\/strong><\/p>\n\n\n\n<p><\/p>\n\n\n\n<blockquote class=\"wp-block-quote is-layout-flow wp-block-quote-is-layout-flow\">\n<p>\u201cLas familias est\u00e1n preocupadas. La primera persona que llega a nuestros barriales son los familiares, compa\u00f1eros, compa\u00f1eras de alguna persona que est\u00e1 en consumo\u201d agreg\u00f3.&nbsp;<\/p>\n<\/blockquote>\n\n\n\n<p><\/p>\n\n\n\n<p class=\"has-medium-font-size\"><strong>Primer Encuentro de \u201cMadres contra la Droga\u201d<\/strong><\/p>\n\n\n\n<p>Las integrantes del MTE contaron que \u201cva a ser una charla y en comunidad. Ya no se puede uno solo o una sola poder acompa\u00f1ar y si no empezar a tejer esta red entre mam\u00e1s y familiares.<strong> Ya hay confirmadas entre 20 y 30 mam\u00e1s.<\/strong> La idea es<strong> juntarnos para pensar y luchar y trabajar por la construcci\u00f3n de ampliar pol\u00edticas en el consumo problem\u00e1tico\u201d.&nbsp;<\/strong><\/p>\n\n\n\n<figure class=\"wp-block-image size-full\"><img data-recalc-dims=\"1\" loading=\"lazy\" decoding=\"async\" width=\"800\" height=\"450\" src=\"https:\/\/i0.wp.com\/cdnoticias.com\/wp-content\/uploads\/2025\/06\/madres-contra-la-droga.jpg?resize=800%2C450&#038;ssl=1\" alt=\"\" class=\"wp-image-172903\" srcset=\"https:\/\/i0.wp.com\/cdnoticias.com\/wp-content\/uploads\/2025\/06\/madres-contra-la-droga.jpg?w=900&amp;ssl=1 900w, https:\/\/i0.wp.com\/cdnoticias.com\/wp-content\/uploads\/2025\/06\/madres-contra-la-droga.jpg?resize=300%2C169&amp;ssl=1 300w, https:\/\/i0.wp.com\/cdnoticias.com\/wp-content\/uploads\/2025\/06\/madres-contra-la-droga.jpg?resize=768%2C432&amp;ssl=1 768w\" sizes=\"auto, (max-width: 800px) 100vw, 800px\" \/><\/figure>\n\n\n\n<p><\/p>\n\n\n\n<blockquote class=\"wp-block-quote is-layout-flow wp-block-quote-is-layout-flow\">\n<p>\u201cFue muy dif\u00edcil tambi\u00e9n pensar a ver c\u00f3mo \u00edbamos a llamar a la convocatoria porque siempre terminamos quedando las mujeres en un lugar de cuidado. Pero lamentablemente es una realidad. Somos m\u00e1s las mujeres, las amigas, las novias, las mam\u00e1s que estamos acompa\u00f1ando que los varones que caen en esta problem\u00e1tica\u201d remarcaron.&nbsp;<\/p>\n<\/blockquote>\n\n\n\n<p><\/p>\n\n\n\n<p>Por \u00faltimo, reflexionaron: \u201c<strong><em>Buscamos ac\u00e1 en Olavarr\u00eda y en toda la Argentina poder crear pol\u00edticas que aborden, que acompa\u00f1en, que concienticen la gravedad del consumo problem\u00e1tico. Argentina en estos \u00faltimos a\u00f1os ha sido uno de los pa\u00edses de Latinoam\u00e9rica m\u00e1s alto en nivel de lo que ha avanzado el consumo\u201d.<\/em><\/strong><\/p>\n\n\n\n<p><\/p>\n\n\n<p><blockquote class=\"wp-embedded-content\" data-secret=\"ib4zE4PZZs\"><a href=\"https:\/\/cdnoticias.com\/index.php\/2025\/06\/02\/el-mte-presenta-la-iniciativa-madres-unidas-contra-la-droga\/\">El MTE presenta la iniciativa \u201cMadres unidas contra la droga\u201d<\/a><\/blockquote><iframe loading=\"lazy\" class=\"wp-embedded-content\" sandbox=\"allow-scripts\" security=\"restricted\" style=\"position: absolute; visibility: hidden;\" title=\"&#8220;El MTE presenta la iniciativa \u201cMadres unidas contra la droga\u201d&#8221; &#8212; Central de Noticias | Olavarr\u00eda\" src=\"https:\/\/cdnoticias.com\/index.php\/2025\/06\/02\/el-mte-presenta-la-iniciativa-madres-unidas-contra-la-droga\/embed\/#?secret=xYosAdvIQg#?secret=ib4zE4PZZs\" data-secret=\"ib4zE4PZZs\" width=\"600\" height=\"338\" frameborder=\"0\" marginwidth=\"0\" marginheight=\"0\" scrolling=\"no\"><\/iframe><\/p>","protected":false},"excerpt":{"rendered":"<p>Este martes se realizar\u00e1 el primer encuentro en General Paz 3180. \u201cLa problem\u00e1tica no distingue g\u00e9neros ni edades\u201d se\u00f1alaron las<\/p>\n","protected":false},"author":6,"featured_media":173674,"comment_status":"closed","ping_status":"closed","sticky":false,"template":"","format":"standard","meta":{"_jetpack_memberships_contains_paid_content":false,"footnotes":""},"categories":[5,1],"tags":[],"class_list":["post-173681","post","type-post","status-publish","format-standard","has-post-thumbnail","hentry","category-informacion-general","category-portada"],"jetpack_featured_media_url":"https:\/\/i0.wp.com\/cdnoticias.com\/wp-content\/uploads\/2025\/06\/mte-mujeres-encuentro1.png?fit=882%2C510&ssl=1","jetpack_sharing_enabled":true,"_links":{"self":[{"href":"https:\/\/cdnoticias.com\/index.php\/wp-json\/wp\/v2\/posts\/173681","targetHints":{"allow":["GET"]}}],"collection":[{"href":"https:\/\/cdnoticias.com\/index.php\/wp-json\/wp\/v2\/posts"}],"about":[{"href":"https:\/\/cdnoticias.com\/index.php\/wp-json\/wp\/v2\/types\/post"}],"author":[{"embeddable":true,"href":"https:\/\/cdnoticias.com\/index.php\/wp-json\/wp\/v2\/users\/6"}],"replies":[{"embeddable":true,"href":"https:\/\/cdnoticias.com\/index.php\/wp-json\/wp\/v2\/comments?post=173681"}],"version-history":[{"count":0,"href":"https:\/\/cdnoticias.com\/index.php\/wp-json\/wp\/v2\/posts\/173681\/revisions"}],"wp:featuredmedia":[{"embeddable":true,"href":"https:\/\/cdnoticias.com\/index.php\/wp-json\/wp\/v2\/media\/173674"}],"wp:attachment":[{"href":"https:\/\/cdnoticias.com\/index.php\/wp-json\/wp\/v2\/media?parent=173681"}],"wp:term":[{"taxonomy":"category","embeddable":true,"href":"https:\/\/cdnoticias.com\/index.php\/wp-json\/wp\/v2\/categories?post=173681"},{"taxonomy":"post_tag","embeddable":true,"href":"https:\/\/cdnoticias.com\/index.php\/wp-json\/wp\/v2\/tags?post=173681"}],"curies":[{"name":"wp","href":"https:\/\/api.w.org\/{rel}","templated":true}]}}