{"id":173678,"date":"2025-06-12T11:05:07","date_gmt":"2025-06-12T14:05:07","guid":{"rendered":"https:\/\/cdnoticias.com\/?p=173678"},"modified":"2025-06-12T11:05:09","modified_gmt":"2025-06-12T14:05:09","slug":"mitologia-a-la-gorra-un-ciclo-para-reencantar-lo-cotidiano-desde-el-mito","status":"publish","type":"post","link":"https:\/\/cdnoticias.com\/index.php\/2025\/06\/12\/mitologia-a-la-gorra-un-ciclo-para-reencantar-lo-cotidiano-desde-el-mito\/","title":{"rendered":"Mitolog\u00eda a la gorra: un ciclo para reencantar lo cotidiano desde el mito"},"content":{"rendered":"\n<p>Ser\u00e1 este viernes 13 a las 19 horas en la Biblioteca 1\u00b0 de Mayo.&nbsp;<\/p>\n\n\n\n<hr class=\"wp-block-separator aligncenter has-alpha-channel-opacity\"\/>\n\n\n\n<p>Este <strong>viernes 13 de junio a las 19 horas<\/strong> se llevar\u00e1 a cabo el ciclo \u201c<strong>Mitolog\u00eda a la gorra\u201d en la Biblioteca 1\u00b0 de Mayo.<\/strong> \u201cEl mito elegido para iniciar el segundo a\u00f1o del ciclo ser\u00e1 el mito de Narciso, pero abordado desde una perspectiva poco habitual: no como s\u00edmbolo del ego o la vanidad, sino como figura de transformaci\u00f3n\u201d se\u00f1alaron.\u00a0<\/p>\n\n\n\n<p><\/p>\n\n\n\n<p>Asimismo agregaron: \u201c<em>los mitos siguen latiendo bajo nuestra piel. Nos narran, nos susurran desde el fondo de los siglos, y a\u00fan tienen mucho que decirnos. Ese es el esp\u00edritu de \u201cMitolog\u00eda a la gorra\u201d; un ciclo de encuentros abiertos que se propone revisitar los relatos m\u00edticos desde una mirada contempor\u00e1nea, sensible, simb\u00f3lica y compartida\u201d.\u00a0<\/em><\/p>\n\n\n\n<p><\/p>\n\n\n\n<p>La propuesta invita a correrse de las interpretaciones escolares o moralizantes para abrir los mitos como umbrales: lugares donde dialogan lo arquet\u00edpico y lo cotidiano, el cuerpo y el s\u00edmbolo, el pasado y el presente.<\/p>\n\n\n\n<p><\/p>\n\n\n\n<p>El ciclo es <strong>coordinado por Edgardo Zouza, artista y docente<\/strong> que trabaja desde hace a\u00f1os con el cruce entre mitolog\u00eda, arte ritual, teatro antropol\u00f3gico y corporalidad, desde el pensamiento simb\u00f3lico. Sus talleres invitan a sumergirse en los mitos como espejos vivos, capaces de revelar sentidos profundos de lo humano.<\/p>\n\n\n\n<p><\/p>\n\n\n\n<p>\u201cMitolog\u00eda a la gorra\u201d es, adem\u00e1s, un gesto pol\u00edtico y po\u00e9tico: se sostiene desde la confianza, desde el deseo de compartir el saber y la belleza como un bien com\u00fan.\u00a0 Por \u00faltimo se\u00f1alaron que <strong>se sugiere traer cuaderno y mate para el encuentro.\u00a0<\/strong><\/p>\n","protected":false},"excerpt":{"rendered":"<p>Ser\u00e1 este viernes 13 a las 19 horas en la Biblioteca 1\u00b0 de Mayo.&nbsp; Este viernes 13 de junio a<\/p>\n","protected":false},"author":6,"featured_media":170774,"comment_status":"closed","ping_status":"closed","sticky":false,"template":"","format":"standard","meta":{"_jetpack_memberships_contains_paid_content":false,"footnotes":""},"categories":[9,1],"tags":[],"class_list":["post-173678","post","type-post","status-publish","format-standard","has-post-thumbnail","hentry","category-cultura","category-portada"],"jetpack_featured_media_url":"https:\/\/i0.wp.com\/cdnoticias.com\/wp-content\/uploads\/2025\/05\/biblioteca-1o-de-mayo.jpg?fit=800%2C446&ssl=1","jetpack_sharing_enabled":true,"_links":{"self":[{"href":"https:\/\/cdnoticias.com\/index.php\/wp-json\/wp\/v2\/posts\/173678","targetHints":{"allow":["GET"]}}],"collection":[{"href":"https:\/\/cdnoticias.com\/index.php\/wp-json\/wp\/v2\/posts"}],"about":[{"href":"https:\/\/cdnoticias.com\/index.php\/wp-json\/wp\/v2\/types\/post"}],"author":[{"embeddable":true,"href":"https:\/\/cdnoticias.com\/index.php\/wp-json\/wp\/v2\/users\/6"}],"replies":[{"embeddable":true,"href":"https:\/\/cdnoticias.com\/index.php\/wp-json\/wp\/v2\/comments?post=173678"}],"version-history":[{"count":0,"href":"https:\/\/cdnoticias.com\/index.php\/wp-json\/wp\/v2\/posts\/173678\/revisions"}],"wp:featuredmedia":[{"embeddable":true,"href":"https:\/\/cdnoticias.com\/index.php\/wp-json\/wp\/v2\/media\/170774"}],"wp:attachment":[{"href":"https:\/\/cdnoticias.com\/index.php\/wp-json\/wp\/v2\/media?parent=173678"}],"wp:term":[{"taxonomy":"category","embeddable":true,"href":"https:\/\/cdnoticias.com\/index.php\/wp-json\/wp\/v2\/categories?post=173678"},{"taxonomy":"post_tag","embeddable":true,"href":"https:\/\/cdnoticias.com\/index.php\/wp-json\/wp\/v2\/tags?post=173678"}],"curies":[{"name":"wp","href":"https:\/\/api.w.org\/{rel}","templated":true}]}}