{"id":173669,"date":"2025-06-09T18:05:28","date_gmt":"2025-06-09T21:05:28","guid":{"rendered":"https:\/\/cdnoticias.com\/?p=173669"},"modified":"2025-06-09T20:40:25","modified_gmt":"2025-06-09T23:40:25","slug":"paro-docente-en-sedes-de-la-unicen-para-el-proximo-10-y-11-de-junio","status":"publish","type":"post","link":"https:\/\/cdnoticias.com\/index.php\/2025\/06\/09\/paro-docente-en-sedes-de-la-unicen-para-el-proximo-10-y-11-de-junio\/","title":{"rendered":"Paro docente en sedes de la UNICEN para el pr\u00f3ximo 10 y 11 de junio"},"content":{"rendered":"\n<p>Ser\u00e1 \u201cen defensa de la universidad p\u00fablica y sus condiciones laborales\u201d. Adem\u00e1s, se prev\u00e9n acciones de visibilizaci\u00f3n.<\/p>\n\n\n\n<hr class=\"wp-block-separator aligncenter has-alpha-channel-opacity\"\/>\n\n\n\n<p>Informado este lunes y en correlato con el anuncio de los gremios universitarios, <strong>los docentes ir\u00e1n al paro en las sedes locales de la UNICEN este martes y mi\u00e9rcoles 10 y 11 de junio.<\/strong><\/p>\n\n\n\n<blockquote class=\"wp-block-quote is-layout-flow wp-block-quote-is-layout-flow\">\n<p>Ser\u00e1 por 48 horas en toda la Universidad Nacional del Centro de la Provincia de Buenos Aires (UNICEN) \u201csin concurrencia a los lugares de trabajo\u201d.<\/p>\n<\/blockquote>\n\n\n\n<p>La medida fue definida a partir de una encuesta-consulta entre los docentes,<strong><em> \u201creafirmando el compromiso con las decisiones colectivas y democr\u00e1ticas del \u00e1mbito universitario\u201d<\/em><\/strong> indicaorn en un comunicado.<\/p>\n\n\n\n<p><em><strong>\u201cEsta acci\u00f3n se inscribe tambi\u00e9n en el respeto al calendario electoral del claustro estudiantil, evitando superposiciones con las elecciones de centro\u201d.<\/strong><\/em><\/p>\n\n\n\n<p>Adem\u00e1s del paro, desde el sector docente definieron un plan de acciones para<em> \u201csostener el reclamo y visibilizar la crisis que atraviesa la educaci\u00f3n superior\u201d<\/em>. <strong>La semana del 17 al 19 de junio habr\u00e1 un ruidazo universitario, semafor\u00e1zo e incluso clases p\u00fablicas.<\/strong><\/p>\n\n\n\n<p><strong>En la semana del 23 al 27 de junio se realizar\u00e1n jornadas de paro en el marco de las Marchas Federales Universitarias, con fechas a confirmar.<\/strong><\/p>\n","protected":false},"excerpt":{"rendered":"<p>Ser\u00e1 \u201cen defensa de la universidad p\u00fablica y sus condiciones laborales\u201d. Adem\u00e1s, se prev\u00e9n acciones de visibilizaci\u00f3n. Informado este lunes<\/p>\n","protected":false},"author":2,"featured_media":113536,"comment_status":"closed","ping_status":"closed","sticky":false,"template":"","format":"standard","meta":{"_jetpack_memberships_contains_paid_content":false,"footnotes":""},"categories":[4,1],"tags":[],"class_list":["post-173669","post","type-post","status-publish","format-standard","has-post-thumbnail","hentry","category-politica","category-portada"],"jetpack_featured_media_url":"https:\/\/i0.wp.com\/cdnoticias.com\/wp-content\/uploads\/2024\/04\/universidad-paro-abrazo.jpg?fit=800%2C451&ssl=1","jetpack_sharing_enabled":true,"_links":{"self":[{"href":"https:\/\/cdnoticias.com\/index.php\/wp-json\/wp\/v2\/posts\/173669","targetHints":{"allow":["GET"]}}],"collection":[{"href":"https:\/\/cdnoticias.com\/index.php\/wp-json\/wp\/v2\/posts"}],"about":[{"href":"https:\/\/cdnoticias.com\/index.php\/wp-json\/wp\/v2\/types\/post"}],"author":[{"embeddable":true,"href":"https:\/\/cdnoticias.com\/index.php\/wp-json\/wp\/v2\/users\/2"}],"replies":[{"embeddable":true,"href":"https:\/\/cdnoticias.com\/index.php\/wp-json\/wp\/v2\/comments?post=173669"}],"version-history":[{"count":0,"href":"https:\/\/cdnoticias.com\/index.php\/wp-json\/wp\/v2\/posts\/173669\/revisions"}],"wp:featuredmedia":[{"embeddable":true,"href":"https:\/\/cdnoticias.com\/index.php\/wp-json\/wp\/v2\/media\/113536"}],"wp:attachment":[{"href":"https:\/\/cdnoticias.com\/index.php\/wp-json\/wp\/v2\/media?parent=173669"}],"wp:term":[{"taxonomy":"category","embeddable":true,"href":"https:\/\/cdnoticias.com\/index.php\/wp-json\/wp\/v2\/categories?post=173669"},{"taxonomy":"post_tag","embeddable":true,"href":"https:\/\/cdnoticias.com\/index.php\/wp-json\/wp\/v2\/tags?post=173669"}],"curies":[{"name":"wp","href":"https:\/\/api.w.org\/{rel}","templated":true}]}}