{"id":173573,"date":"2025-06-08T08:56:23","date_gmt":"2025-06-08T11:56:23","guid":{"rendered":"https:\/\/cdnoticias.com\/?p=173573"},"modified":"2025-06-08T15:14:07","modified_gmt":"2025-06-08T18:14:07","slug":"dos-feriados-xl-para-una-semana-laboral-corta","status":"publish","type":"post","link":"https:\/\/cdnoticias.com\/index.php\/2025\/06\/08\/dos-feriados-xl-para-una-semana-laboral-corta\/","title":{"rendered":"Dos feriados XL para una semana laboral corta"},"content":{"rendered":"\n<p>El feriado por la muerte de Mart\u00edn Miguel de G\u00fcemes se junta con el del D\u00eda de la Bandera para dejar una ventana de apenas tres d\u00edas h\u00e1biles.<\/p>\n\n\n\n<hr class=\"wp-block-separator has-alpha-channel-opacity\"\/>\n\n\n\n<p>En pocos d\u00edas llega algo inusual en el calendario laboral: nada menos que<strong> dos fines de semana largos consecutivos, que dejan en el medio una \u201csemana extracorta\u201d, entre el 14 y el 22 de junio.<\/strong><\/p>\n\n\n\n<p><\/p>\n\n\n\n<p>A partir del calendario oficial establecido por el Gobierno, se configur\u00f3 un <strong>esquema ideal para escapadas, descanso o mini vacaciones.<\/strong><\/p>\n\n\n\n<p><\/p>\n\n\n\n<p><strong>El primer fin de semana largo del mes ser\u00e1 del s\u00e1bado 14 al lunes 16 de junio. <\/strong>Ese lunes se conmemora el Paso a la Inmortalidad del general Mart\u00edn Miguel de G\u00fcemes, fecha que originalmente cae el martes 17 pero se traslad\u00f3 al lunes para conformar un fin de semana extendido.<\/p>\n\n\n\n<p><\/p>\n\n\n\n<p>Despu\u00e9s de tres d\u00edas h\u00e1biles, el martes 17, el mi\u00e9rcoles 18 y el jueves 19, llega<strong> el segundo finde largo, que ir\u00e1 del viernes 20 al domingo 22 de junio. <\/strong>All\u00ed el motivo es m\u00e1s tradicional: el D\u00eda de la Bandera, que recuerda el fallecimiento del general Manuel Belgrano. Este feriado es inamovible, por lo que siempre se celebra el 20 de junio.<\/p>\n\n\n\n<p><\/p>\n\n\n\n<blockquote class=\"wp-block-quote is-layout-flow wp-block-quote-is-layout-flow\">\n<p>Entonces, entre el s\u00e1bado 14 y el domingo 22 de junio habr\u00e1 seis d\u00edas libres y apenas tres jornadas laborales.<\/p>\n<\/blockquote>\n\n\n\n<p><\/p>\n\n\n\n<p>\u00bfQu\u00e9 viene despu\u00e9s? <strong>Habr\u00e1 que esperar dos meses para otro fin de semana largo, ya que el 9 de Julio cae mi\u00e9rcoles este a\u00f1o y es otra fecha inamovible<\/strong>; adem\u00e1s de que no se pueden decretar dos d\u00edas no laborables con fines tur\u00edsticos consecutivos, como hubiera debido ser en este caso. Pero en agosto, el 17 -la conmemoraci\u00f3n de la muerte de Jos\u00e9 de San Mart\u00edn- cae domingo y el viernes 15 ser\u00e1 no laborable.<\/p>\n\n\n\n<p><\/p>\n\n\n\n<p>Mientras que<strong> el pr\u00f3ximo \u201cfinde XXL\u201d tendr\u00e1 lugar reci\u00e9n en noviembre, cuando al feriado por el D\u00eda de la Soberan\u00eda Nacional, el lunes 20, se le agregue un d\u00eda no laborable con fines tur\u00edsticos el viernes 21. <\/strong>Total, cuatro d\u00edas en los que la administraci\u00f3n p\u00fablica y muchos trabajos privados no funcionar\u00e1n.<\/p>\n\n\n\n<p><\/p>\n\n\n\n<p><em>Fuente: DIB.<\/em><\/p>\n","protected":false},"excerpt":{"rendered":"<p>El feriado por la muerte de Mart\u00edn Miguel de G\u00fcemes se junta con el del D\u00eda de la Bandera para<\/p>\n","protected":false},"author":5,"featured_media":80683,"comment_status":"closed","ping_status":"closed","sticky":false,"template":"","format":"standard","meta":{"_jetpack_memberships_contains_paid_content":false,"footnotes":""},"categories":[6,1],"tags":[],"class_list":["post-173573","post","type-post","status-publish","format-standard","has-post-thumbnail","hentry","category-nacionales","category-portada"],"jetpack_featured_media_url":"https:\/\/i0.wp.com\/cdnoticias.com\/wp-content\/uploads\/2023\/03\/viajes.jpg?fit=696%2C422&ssl=1","jetpack_sharing_enabled":true,"_links":{"self":[{"href":"https:\/\/cdnoticias.com\/index.php\/wp-json\/wp\/v2\/posts\/173573","targetHints":{"allow":["GET"]}}],"collection":[{"href":"https:\/\/cdnoticias.com\/index.php\/wp-json\/wp\/v2\/posts"}],"about":[{"href":"https:\/\/cdnoticias.com\/index.php\/wp-json\/wp\/v2\/types\/post"}],"author":[{"embeddable":true,"href":"https:\/\/cdnoticias.com\/index.php\/wp-json\/wp\/v2\/users\/5"}],"replies":[{"embeddable":true,"href":"https:\/\/cdnoticias.com\/index.php\/wp-json\/wp\/v2\/comments?post=173573"}],"version-history":[{"count":0,"href":"https:\/\/cdnoticias.com\/index.php\/wp-json\/wp\/v2\/posts\/173573\/revisions"}],"wp:featuredmedia":[{"embeddable":true,"href":"https:\/\/cdnoticias.com\/index.php\/wp-json\/wp\/v2\/media\/80683"}],"wp:attachment":[{"href":"https:\/\/cdnoticias.com\/index.php\/wp-json\/wp\/v2\/media?parent=173573"}],"wp:term":[{"taxonomy":"category","embeddable":true,"href":"https:\/\/cdnoticias.com\/index.php\/wp-json\/wp\/v2\/categories?post=173573"},{"taxonomy":"post_tag","embeddable":true,"href":"https:\/\/cdnoticias.com\/index.php\/wp-json\/wp\/v2\/tags?post=173573"}],"curies":[{"name":"wp","href":"https:\/\/api.w.org\/{rel}","templated":true}]}}