{"id":173562,"date":"2025-06-09T18:33:59","date_gmt":"2025-06-09T21:33:59","guid":{"rendered":"https:\/\/cdnoticias.com\/?p=173562"},"modified":"2025-06-09T18:34:00","modified_gmt":"2025-06-09T21:34:00","slug":"colonias-y-cerros-presento-el-nuevo-cuerpo-tecnico-con-alejandro-timpanaro-como-dt","status":"publish","type":"post","link":"https:\/\/cdnoticias.com\/index.php\/2025\/06\/09\/colonias-y-cerros-presento-el-nuevo-cuerpo-tecnico-con-alejandro-timpanaro-como-dt\/","title":{"rendered":"Colonias y Cerros present\u00f3 el nuevo cuerpo t\u00e9cnico con Alejandro Timpanaro como DT"},"content":{"rendered":"\n<p>Fue en la Casa del Deporte. Afrontar\u00e1n la competencia del segundo semestre con el Torneo Local como horizonte.<\/p>\n\n\n\n<hr class=\"wp-block-separator aligncenter has-alpha-channel-opacity\"\/>\n\n\n\n<p>Este \u00faltimo viernes,<strong> Colonias y Cerros present\u00f3 a su nuevo grupo de trabajo que llevar\u00e1 las riendas del plantel para encarar la segunda parte del a\u00f1o, con el Torneo Local como horizonte.<\/strong><\/p>\n\n\n\n<p>Tras el paso del club por el Interligas 2025 y la Copa Centenario, <strong>el equipo verdinegro encarar\u00e1 la segunda parte del a\u00f1o con nuevo cuerpo t\u00e9cnico: estar\u00e1 encabezado por Alejandro Timpanaro como DT, acompa\u00f1ado de Fernando Timpanaro como ayudante de campo.<\/strong><\/p>\n\n\n\n<p>Adem\u00e1s, <strong>Leonardo L\u00f3pez tambi\u00e9n ser\u00e1 ayudante de campo y coordinador de inferiores.<\/strong><\/p>\n\n\n\n<p>El equipo se completa con <strong>Brian Leiva<\/strong> de preparador f\u00edsico de primera y reserva, adem\u00e1s de Coordinador del Departamento F\u00edsico; <strong>Mart\u00edn Pagano<\/strong> ser\u00e1 el T\u00e9cnico de las inferiores, acompa\u00f1ado de <strong>Tob\u00edas Coliman<\/strong> de Preparador F\u00edsico y <strong>Carlos Lurbet <\/strong>de entrenador de arqueros.<\/p>\n","protected":false},"excerpt":{"rendered":"<p>Fue en la Casa del Deporte. Afrontar\u00e1n la competencia del segundo semestre con el Torneo Local como horizonte. Este \u00faltimo<\/p>\n","protected":false},"author":2,"featured_media":173563,"comment_status":"closed","ping_status":"closed","sticky":false,"template":"","format":"standard","meta":{"_jetpack_memberships_contains_paid_content":false,"footnotes":""},"categories":[29,35,1],"tags":[],"class_list":["post-173562","post","type-post","status-publish","format-standard","has-post-thumbnail","hentry","category-deportes","category-futbol","category-portada"],"jetpack_featured_media_url":"https:\/\/i0.wp.com\/cdnoticias.com\/wp-content\/uploads\/2025\/06\/WhatsApp-Image-2025-06-07-at-19.13.47.jpeg?fit=1280%2C720&ssl=1","jetpack_sharing_enabled":true,"_links":{"self":[{"href":"https:\/\/cdnoticias.com\/index.php\/wp-json\/wp\/v2\/posts\/173562","targetHints":{"allow":["GET"]}}],"collection":[{"href":"https:\/\/cdnoticias.com\/index.php\/wp-json\/wp\/v2\/posts"}],"about":[{"href":"https:\/\/cdnoticias.com\/index.php\/wp-json\/wp\/v2\/types\/post"}],"author":[{"embeddable":true,"href":"https:\/\/cdnoticias.com\/index.php\/wp-json\/wp\/v2\/users\/2"}],"replies":[{"embeddable":true,"href":"https:\/\/cdnoticias.com\/index.php\/wp-json\/wp\/v2\/comments?post=173562"}],"version-history":[{"count":0,"href":"https:\/\/cdnoticias.com\/index.php\/wp-json\/wp\/v2\/posts\/173562\/revisions"}],"wp:featuredmedia":[{"embeddable":true,"href":"https:\/\/cdnoticias.com\/index.php\/wp-json\/wp\/v2\/media\/173563"}],"wp:attachment":[{"href":"https:\/\/cdnoticias.com\/index.php\/wp-json\/wp\/v2\/media?parent=173562"}],"wp:term":[{"taxonomy":"category","embeddable":true,"href":"https:\/\/cdnoticias.com\/index.php\/wp-json\/wp\/v2\/categories?post=173562"},{"taxonomy":"post_tag","embeddable":true,"href":"https:\/\/cdnoticias.com\/index.php\/wp-json\/wp\/v2\/tags?post=173562"}],"curies":[{"name":"wp","href":"https:\/\/api.w.org\/{rel}","templated":true}]}}