{"id":173556,"date":"2025-06-07T19:33:30","date_gmt":"2025-06-07T22:33:30","guid":{"rendered":"https:\/\/cdnoticias.com\/?p=173556"},"modified":"2025-06-08T08:57:37","modified_gmt":"2025-06-08T11:57:37","slug":"asociacion-de-bomberos-una-agrupacion-opositora-se-postulara-en-la-asamblea-de-eleccion-de-autoridades","status":"publish","type":"post","link":"https:\/\/cdnoticias.com\/index.php\/2025\/06\/07\/asociacion-de-bomberos-una-agrupacion-opositora-se-postulara-en-la-asamblea-de-eleccion-de-autoridades\/","title":{"rendered":"Asociaci\u00f3n de Bomberos: una agrupaci\u00f3n opositora se postular\u00e1 en la asamblea de elecci\u00f3n de autoridades"},"content":{"rendered":"\n<p>Denunciaron algunas irregularidades con el padr\u00f3n de socios y un pasivo de 122 millones al d\u00eda de hoy, aunque alcanz\u00f3 los 269 millones en octubre de 2024. El lunes se realizar\u00e1 la Asamblea.<\/p>\n\n\n\n<hr class=\"wp-block-separator aligncenter has-alpha-channel-opacity\"\/>\n\n\n\n<p>En la previa a la Asamblea de elecci\u00f3n de autoridades de la Asociaci\u00f3n de Bomberos de Olavarr\u00eda, <strong>una agrupaci\u00f3n de socios y ex miembros de la comisi\u00f3n directiva se organiz\u00f3 y buscar\u00e1 postularse este lunes para quedarse con los destinos de la instituci\u00f3n que acompa\u00f1a a Bomberos Voluntarios. Hubo denuncias de irregularidades en el padr\u00f3n de socios y un pasivo millonario.<\/strong><\/p>\n\n\n\n<p>En di\u00e1logo con <strong>Central de Noticias<\/strong>, se\u00f1alaron que desde hace algunos meses <strong>el grupo se viene reuniendo pensando en un proyecto alternativo al de la actual conducci\u00f3n de la Asociaci\u00f3n, encabezado por el empresario Hugo Fayan\u00e1s.<\/strong><\/p>\n\n\n\n<p>Tras el llamado a Asamblea pautado para este lunes, <strong>la agrupaci\u00f3n se present\u00f3 y pidi\u00f3 el balance y el listado de socios al d\u00eda de la fecha.<\/strong><\/p>\n\n\n\n<p>Denunciaron que<strong> hubo varias \u201csorpresas\u201d, entre otras un importante pasivo arrojado al 31 de octubre de 2024 de 269 millones de pesos<\/strong>, explicado por \u201cel problema del Estacionamiento Medido y la demora en la aprobaci\u00f3n de la Tasa de Bomberos\u201d se\u00f1alaron.<em> \u201cParte de ese pasivo est\u00e1 solucionado porque hab\u00eda un problema con ex AFIP (hoy ARCA) y se hizo una moratoria por 4 a\u00f1os\u201d.<\/em><strong> El pasivo a la fecha es de 122 millones, y se indic\u00f3 que entre otras cuestiones hay un cami\u00f3n que se adquiri\u00f3 que deber\u00e1 devolverse porque \u201cno es adecuado\u201d entre otras cuestiones.<\/strong><\/p>\n\n\n\n<blockquote class=\"wp-block-quote is-layout-flow wp-block-quote-is-layout-flow\">\n<p>Se indic\u00f3 que el costo operativo de Bomberos es de 30\/35 millones de pesos mensuales, y 16 millones se recaudan desde el Municipio en concepto de Tasa. \u201cEl resto con subsidios, rifas y dem\u00e1s\u201d.<\/p>\n<\/blockquote>\n\n\n\n<p>La idea de la agrupaci\u00f3n opositora <em><strong>\u201ces reformular Bomberos, trabajar para la idiosincrasia de Bomberos, reacomodar los n\u00fameros, no depender tanto de cosas finitas y ver las prioridades de la Asociaci\u00f3n, ya que vemos cosas mal compradas o que se podr\u00edan haber comprado de otra manera\u201d<\/strong><\/em> se\u00f1alaron.<\/p>\n\n\n\n<p>Con respecto al padr\u00f3n de socios, se\u00f1alaron que <strong>se mostr\u00f3 algo \u201cineficiente\u201d y tras presentarse con una Escribana P\u00fablica para solicitar en dicho padr\u00f3n, fue negado. <em>\u201cEsto consta en actas, fue hace una semana\u201d <\/em>indicaron a este medio.<\/strong><\/p>\n\n\n\n<p>En el medio<em>, \u201cempezaron a circular padrones que no estaban totalmente normalizados ya que aparecieron socios que pagaron despu\u00e9s de la asamblea\u201d<\/em> y que habr\u00eda varias irregularidades a constatar. <strong>Pero todo se develar\u00e1 el lunes en la Asamblea.<\/strong><\/p>\n\n\n\n<p>La idea es tratar de obtener el acompa\u00f1amiento de la Asamblea<em><strong> \u201cpero m\u00e1s all\u00e1 de eso queremos empezar a trabajar y llevar soluciones a la Asociaci\u00f3n, somos un grupo que tiene ideas nuevas y quiere llevar soluciones a Bomberos\u201d.<\/strong><\/em><\/p>\n\n\n\n<p><\/p>\n","protected":false},"excerpt":{"rendered":"<p>Denunciaron algunas irregularidades con el padr\u00f3n de socios y un pasivo de 122 millones al d\u00eda de hoy, aunque alcanz\u00f3<\/p>\n","protected":false},"author":2,"featured_media":4754,"comment_status":"closed","ping_status":"closed","sticky":false,"template":"","format":"standard","meta":{"_jetpack_memberships_contains_paid_content":false,"footnotes":""},"categories":[4,1],"tags":[],"class_list":["post-173556","post","type-post","status-publish","format-standard","has-post-thumbnail","hentry","category-politica","category-portada"],"jetpack_featured_media_url":"https:\/\/i0.wp.com\/cdnoticias.com\/wp-content\/uploads\/2020\/10\/bomberosvoluntarios03.jpg?fit=4400%2C3072&ssl=1","jetpack_sharing_enabled":true,"_links":{"self":[{"href":"https:\/\/cdnoticias.com\/index.php\/wp-json\/wp\/v2\/posts\/173556","targetHints":{"allow":["GET"]}}],"collection":[{"href":"https:\/\/cdnoticias.com\/index.php\/wp-json\/wp\/v2\/posts"}],"about":[{"href":"https:\/\/cdnoticias.com\/index.php\/wp-json\/wp\/v2\/types\/post"}],"author":[{"embeddable":true,"href":"https:\/\/cdnoticias.com\/index.php\/wp-json\/wp\/v2\/users\/2"}],"replies":[{"embeddable":true,"href":"https:\/\/cdnoticias.com\/index.php\/wp-json\/wp\/v2\/comments?post=173556"}],"version-history":[{"count":0,"href":"https:\/\/cdnoticias.com\/index.php\/wp-json\/wp\/v2\/posts\/173556\/revisions"}],"wp:featuredmedia":[{"embeddable":true,"href":"https:\/\/cdnoticias.com\/index.php\/wp-json\/wp\/v2\/media\/4754"}],"wp:attachment":[{"href":"https:\/\/cdnoticias.com\/index.php\/wp-json\/wp\/v2\/media?parent=173556"}],"wp:term":[{"taxonomy":"category","embeddable":true,"href":"https:\/\/cdnoticias.com\/index.php\/wp-json\/wp\/v2\/categories?post=173556"},{"taxonomy":"post_tag","embeddable":true,"href":"https:\/\/cdnoticias.com\/index.php\/wp-json\/wp\/v2\/tags?post=173556"}],"curies":[{"name":"wp","href":"https:\/\/api.w.org\/{rel}","templated":true}]}}