{"id":173549,"date":"2025-06-07T18:05:36","date_gmt":"2025-06-07T21:05:36","guid":{"rendered":"https:\/\/cdnoticias.com\/?p=173549"},"modified":"2025-06-07T18:05:38","modified_gmt":"2025-06-07T21:05:38","slug":"murio-el-padre-mamerto-menapace-referente-espiritual-y-popular-de-la-fe-cristiana","status":"publish","type":"post","link":"https:\/\/cdnoticias.com\/index.php\/2025\/06\/07\/murio-el-padre-mamerto-menapace-referente-espiritual-y-popular-de-la-fe-cristiana\/","title":{"rendered":"Muri\u00f3 el padre Mamerto Menapace, referente espiritual y popular de la fe cristiana"},"content":{"rendered":"\n<p>Fue este \u00faltimo viernes a los 83 a\u00f1os en Jun\u00edn. Se trata del reconocido escritor y figura espiritual de notable trayectoria. Escribi\u00f3 m\u00e1s de 40 libros y acerc\u00f3 la fe con relatos gauchescos.<\/p>\n\n\n\n<hr class=\"wp-block-separator aligncenter has-alpha-channel-opacity\"\/>\n\n\n\n<p>El <strong>monje benedictino Mamerto Menapace falleci\u00f3 este viernes a los 83 a\u00f1os en la ciudad de Jun\u00edn, seg\u00fan confirm\u00f3 la Agencia Informativa Cat\u00f3lica Argentina (AICA). Reconocido escritor y figura espiritual de notable trayectoria<\/strong>, Menapace pas\u00f3 gran parte de su vida en el Monasterio Santa Mar\u00eda de Los Toldos, donde ser\u00e1 velado seg\u00fan la tradici\u00f3n benedictina.<\/p>\n\n\n\n<p>Hab\u00eda nacido el 24 de enero de 1942 en Malabrigo, Chaco santafesino, y fue ordenado sacerdote en 1966 tras estudiar teolog\u00eda en el monasterio chileno de Las Condes. Fue abad del monasterio de Los Toldos en dos per\u00edodos (1980-1992), <strong>y en 1995 se convirti\u00f3 en abad presidente de la Congregaci\u00f3n Benedictina del Cono Sur.<\/strong><\/p>\n\n\n\n<p>Su figura trascendi\u00f3 los muros del claustro gracias a una<strong> fecunda obra literaria y comunicacional, con m\u00e1s de cuarenta libros publicados. Entre ellos se destacan Un Dios rico de tiempo, Madera verde, Cuentos rodados y El paso y la espera, textos en los que volc\u00f3 con calidez rural los valores del Evangelio. Tambi\u00e9n incursion\u00f3 en la m\u00fasica y el cine con materiales como De yerbas y otros cuentos y Los valores, con humor, junto a Luis Landriscina.<\/strong><\/p>\n\n\n\n<p>Recibi\u00f3 distinciones como el <strong>Premio Konex en 1994 por su aporte a la literatura juvenil y la Faja de Honor Padre Leonardo Castellani por El amor es cosa seria. <\/strong>Tambi\u00e9n particip\u00f3 en programas radiales como La Campana, emitido por LT33 Radio 9 de Julio.<\/p>\n\n\n\n<p>Sus restos ser\u00e1n velados este s\u00e1bado de 11 a 22 y el domingo desde las 8 en la capilla del <strong>monasterio Santa Mar\u00eda, en Los Toldos. La misa de cuerpo presente ser\u00e1 el domingo a las 11 y luego ser\u00e1 sepultado en el cementerio del lugar.<\/strong><\/p>\n\n\n\n<p class=\"has-medium-font-size\">El adi\u00f3s de la Iglesia<\/p>\n\n\n\n<p>La<strong> Conferencia Episcopal Argentina (CEA) expres\u00f3 su \u201cprofundo pesar\u201d por la muerte del padre Mamerto Menapace<\/strong> y agradeci\u00f3 a Dios por \u201cel testimonio de vida y sabidur\u00eda espiritual\u201d que brind\u00f3 al pueblo argentino.<\/p>\n\n\n\n<p><em><strong>\u201cSu sabidur\u00eda espiritual, expresada a trav\u00e9s de relatos y cuentos en los cuales compagin\u00f3 la profundidad del Evangelio con las expresiones sencillas de nuestro pueblo, permitieron a muchos hermanos y hermanas conocer y profundizar m\u00e1s la vida nueva que brota de la fe\u201d<\/strong><\/em>, se\u00f1alaron en un comunicado firmado por el presidente de la CEA, monse\u00f1or Marcelo Colombo, y el secretario general, monse\u00f1or Ra\u00fal Pizarro.<\/p>\n\n\n\n<p><em>\u201cEl legado del Padre Mamerto, hecho \u2018primero vida antes que palabra\u2019, queda como una herencia espiritual invaluable para las generaciones presentes y futuras<\/em>\u201d, concluye el texto.<\/p>\n","protected":false},"excerpt":{"rendered":"<p>Fue este \u00faltimo viernes a los 83 a\u00f1os en Jun\u00edn. Se trata del reconocido escritor y figura espiritual de notable<\/p>\n","protected":false},"author":2,"featured_media":173550,"comment_status":"closed","ping_status":"closed","sticky":false,"template":"","format":"standard","meta":{"_jetpack_memberships_contains_paid_content":false,"footnotes":""},"categories":[6,1],"tags":[],"class_list":["post-173549","post","type-post","status-publish","format-standard","has-post-thumbnail","hentry","category-nacionales","category-portada"],"jetpack_featured_media_url":"https:\/\/i0.wp.com\/cdnoticias.com\/wp-content\/uploads\/2025\/06\/padre-mamerto.jpg?fit=947%2C531&ssl=1","jetpack_sharing_enabled":true,"_links":{"self":[{"href":"https:\/\/cdnoticias.com\/index.php\/wp-json\/wp\/v2\/posts\/173549","targetHints":{"allow":["GET"]}}],"collection":[{"href":"https:\/\/cdnoticias.com\/index.php\/wp-json\/wp\/v2\/posts"}],"about":[{"href":"https:\/\/cdnoticias.com\/index.php\/wp-json\/wp\/v2\/types\/post"}],"author":[{"embeddable":true,"href":"https:\/\/cdnoticias.com\/index.php\/wp-json\/wp\/v2\/users\/2"}],"replies":[{"embeddable":true,"href":"https:\/\/cdnoticias.com\/index.php\/wp-json\/wp\/v2\/comments?post=173549"}],"version-history":[{"count":0,"href":"https:\/\/cdnoticias.com\/index.php\/wp-json\/wp\/v2\/posts\/173549\/revisions"}],"wp:featuredmedia":[{"embeddable":true,"href":"https:\/\/cdnoticias.com\/index.php\/wp-json\/wp\/v2\/media\/173550"}],"wp:attachment":[{"href":"https:\/\/cdnoticias.com\/index.php\/wp-json\/wp\/v2\/media?parent=173549"}],"wp:term":[{"taxonomy":"category","embeddable":true,"href":"https:\/\/cdnoticias.com\/index.php\/wp-json\/wp\/v2\/categories?post=173549"},{"taxonomy":"post_tag","embeddable":true,"href":"https:\/\/cdnoticias.com\/index.php\/wp-json\/wp\/v2\/tags?post=173549"}],"curies":[{"name":"wp","href":"https:\/\/api.w.org\/{rel}","templated":true}]}}