{"id":173526,"date":"2025-06-07T10:25:03","date_gmt":"2025-06-07T13:25:03","guid":{"rendered":"https:\/\/cdnoticias.com\/?p=173526"},"modified":"2025-06-07T10:25:05","modified_gmt":"2025-06-07T13:25:05","slug":"la-iglesia-respaldo-el-reclamo-de-trabajadores-del-garrahan-y-cuestiono-al-gobierno-por-no-valorar-la-tarea-medica","status":"publish","type":"post","link":"https:\/\/cdnoticias.com\/index.php\/2025\/06\/07\/la-iglesia-respaldo-el-reclamo-de-trabajadores-del-garrahan-y-cuestiono-al-gobierno-por-no-valorar-la-tarea-medica\/","title":{"rendered":"La Iglesia respald\u00f3 el reclamo de trabajadores del Garrahan y cuestion\u00f3 al Gobierno por \u201cno valorar\u201d la tarea m\u00e9dica"},"content":{"rendered":"\n<p>La Conferencia Episcopal Argentina expres\u00f3 su adhesi\u00f3n a las protestas por mejoras salariales y critic\u00f3 la falta de respuestas por parte del Ejecutivo nacional.<\/p>\n\n\n\n<hr class=\"wp-block-separator aligncenter has-alpha-channel-opacity\"\/>\n\n\n\n<p>Mientras contin\u00faa el <strong>conflicto entre los trabajadores del Hospital Garrahan y el Gobierno nacional por mejoras salariales, la Conferencia Episcopal Argentina (CEA) se pronunci\u00f3 en apoyo al personal m\u00e9dico y de apoyo de la instituci\u00f3n. <\/strong>A trav\u00e9s de un documento, <strong>la Iglesia Cat\u00f3lica cuestion\u00f3 con dureza a la gesti\u00f3n del presidente Javier Milei por \u201cno valorar adecuadamente\u201d la labor de quienes trabajan en una de las instituciones pedi\u00e1tricas m\u00e1s importantes del pa\u00eds.<\/strong><\/p>\n\n\n\n<p><em>\u201cQueremos acercarles nuestra adhesi\u00f3n al pedido que hacen en relaci\u00f3n con sus salarios y la situaci\u00f3n general de la pediatr\u00eda en el pa\u00eds\u201d<\/em>, se\u00f1ala el comunicado, titulado \u201cAl personal m\u00e9dico y de apoyo del Hospital Garrahan\u201d. El texto fue firmado por el arzobispo de Mendoza y presidente de la CEA, Marcelo Colombo, y el secretario general y obispo de San Isidro, Ra\u00fal Pizarro.<\/p>\n\n\n\n<p>En el documento, <strong>los representantes de la Iglesia aseguraron estar \u201cal tanto de la dram\u00e1tica situaci\u00f3n\u201d que atraviesan los profesionales de la salud del Garrahan y remarcaron que el reclamo que llevan adelante es \u201ctan justo como impostergable\u201d. <\/strong>Adem\u00e1s, manifestaron su disposici\u00f3n a acompa\u00f1ar el pedido de los trabajadores: <em>\u201cNos ponemos a disposici\u00f3n para extender a trav\u00e9s de nuestra voz un pedido tan justo como impostergable\u201d.<\/em><\/p>\n\n\n\n<p>La CEA tambi\u00e9n expres\u00f3 su preocupaci\u00f3n ante la respuesta del Gobierno nacional frente al conflicto.<em><strong> \u201c\u00bfQu\u00e9 tipo de sociedad y de gobierno son capaces de no valorar adecuadamente la misi\u00f3n de los m\u00e9dicos?\u201d, <\/strong><\/em>se preguntaron los obispos, al tiempo que denunciaron una falta de sensibilidad social: \u201c\u00bfQu\u00e9 nos ha pasado como sociedad que nos hemos vuelto insensibles al dolor de los m\u00e1s vulnerables: los ni\u00f1os y las personas con discapacidad?\u201d.<\/p>\n\n\n\n<p>En la carta se incluye una referencia b\u00edblica en la que se recuerda que \u201cno quedar\u00e1 sin recompensa el que atienda a alguno de los peque\u00f1os\u201d, y se destaca el valor del trabajo cotidiano de los m\u00e9dicos en un contexto de extrema exigencia. <em><strong>\u201cUstedes atienden cotidianamente la dolorosa combinaci\u00f3n de estas realidades y eso los hace particularmente valiosos para quienes nos llamamos cristianos\u201d<\/strong><\/em>, expresa el texto.<\/p>\n","protected":false},"excerpt":{"rendered":"<p>La Conferencia Episcopal Argentina expres\u00f3 su adhesi\u00f3n a las protestas por mejoras salariales y critic\u00f3 la falta de respuestas por<\/p>\n","protected":false},"author":2,"featured_media":173527,"comment_status":"closed","ping_status":"closed","sticky":false,"template":"","format":"standard","meta":{"_jetpack_memberships_contains_paid_content":false,"footnotes":""},"categories":[6,1],"tags":[],"class_list":["post-173526","post","type-post","status-publish","format-standard","has-post-thumbnail","hentry","category-nacionales","category-portada"],"jetpack_featured_media_url":"https:\/\/i0.wp.com\/cdnoticias.com\/wp-content\/uploads\/2025\/06\/COLOMBO-1.jpg?fit=1100%2C738&ssl=1","jetpack_sharing_enabled":true,"_links":{"self":[{"href":"https:\/\/cdnoticias.com\/index.php\/wp-json\/wp\/v2\/posts\/173526","targetHints":{"allow":["GET"]}}],"collection":[{"href":"https:\/\/cdnoticias.com\/index.php\/wp-json\/wp\/v2\/posts"}],"about":[{"href":"https:\/\/cdnoticias.com\/index.php\/wp-json\/wp\/v2\/types\/post"}],"author":[{"embeddable":true,"href":"https:\/\/cdnoticias.com\/index.php\/wp-json\/wp\/v2\/users\/2"}],"replies":[{"embeddable":true,"href":"https:\/\/cdnoticias.com\/index.php\/wp-json\/wp\/v2\/comments?post=173526"}],"version-history":[{"count":0,"href":"https:\/\/cdnoticias.com\/index.php\/wp-json\/wp\/v2\/posts\/173526\/revisions"}],"wp:featuredmedia":[{"embeddable":true,"href":"https:\/\/cdnoticias.com\/index.php\/wp-json\/wp\/v2\/media\/173527"}],"wp:attachment":[{"href":"https:\/\/cdnoticias.com\/index.php\/wp-json\/wp\/v2\/media?parent=173526"}],"wp:term":[{"taxonomy":"category","embeddable":true,"href":"https:\/\/cdnoticias.com\/index.php\/wp-json\/wp\/v2\/categories?post=173526"},{"taxonomy":"post_tag","embeddable":true,"href":"https:\/\/cdnoticias.com\/index.php\/wp-json\/wp\/v2\/tags?post=173526"}],"curies":[{"name":"wp","href":"https:\/\/api.w.org\/{rel}","templated":true}]}}