{"id":173511,"date":"2025-06-06T20:32:23","date_gmt":"2025-06-06T23:32:23","guid":{"rendered":"https:\/\/cdnoticias.com\/?p=173511"},"modified":"2025-06-07T09:44:16","modified_gmt":"2025-06-07T12:44:16","slug":"malestar-por-el-robo-de-vacas-en-la-zona-rural-de-colonia-hinojo","status":"publish","type":"post","link":"https:\/\/cdnoticias.com\/index.php\/2025\/06\/06\/malestar-por-el-robo-de-vacas-en-la-zona-rural-de-colonia-hinojo\/","title":{"rendered":"Malestar por el robo de vacas en la zona rural de Colonia Hinojo"},"content":{"rendered":"\n<p>Un productor denunci\u00f3 el robo de tres vacas y un ternero. \u201cEs tierra de nadie\u201d dijo, indignado.<\/p>\n\n\n\n<hr class=\"wp-block-separator aligncenter has-alpha-channel-opacity\"\/>\n\n\n\n<p>Este viernes, <strong>un productor rural denunci\u00f3 el robo de un ternero y tres vacas en la zona de Colonia Hinojo, m\u00e1s precisamente en la zona de la f\u00e1brica ex ASP.<\/strong><\/p>\n\n\n\n<p>Seg\u00fan se precis\u00f3<strong>, desconocidos rompieron el alambre y tras liberar vacas, se llevaron tres animales y faenaron un ternero.<\/strong><\/p>\n\n\n\n<p><em><strong>\u201cEs tierra de nadie, todos hacen lo que quieren\u201d<\/strong><\/em> precis\u00f3 el productor tras se\u00f1alar este hecho.<\/p>\n\n\n\n<p>El robo se da d\u00edas despu\u00e9s de<strong> otro robo en un campo lindero al aer\u00f3dromo a un productor local,<\/strong> que manifest\u00f3 enojo por la falta de patrullaje por toda la zona.<\/p>\n","protected":false},"excerpt":{"rendered":"<p>Un productor denunci\u00f3 el robo de tres vacas y un ternero. \u201cEs tierra de nadie\u201d dijo, indignado. Este viernes, un<\/p>\n","protected":false},"author":2,"featured_media":173512,"comment_status":"closed","ping_status":"closed","sticky":false,"template":"","format":"standard","meta":{"_jetpack_memberships_contains_paid_content":false,"footnotes":""},"categories":[14,1],"tags":[],"class_list":["post-173511","post","type-post","status-publish","format-standard","has-post-thumbnail","hentry","category-policiales","category-portada"],"jetpack_featured_media_url":"https:\/\/i0.wp.com\/cdnoticias.com\/wp-content\/uploads\/2025\/06\/Diseno-sin-titulo.jpg?fit=800%2C445&ssl=1","jetpack_sharing_enabled":true,"_links":{"self":[{"href":"https:\/\/cdnoticias.com\/index.php\/wp-json\/wp\/v2\/posts\/173511","targetHints":{"allow":["GET"]}}],"collection":[{"href":"https:\/\/cdnoticias.com\/index.php\/wp-json\/wp\/v2\/posts"}],"about":[{"href":"https:\/\/cdnoticias.com\/index.php\/wp-json\/wp\/v2\/types\/post"}],"author":[{"embeddable":true,"href":"https:\/\/cdnoticias.com\/index.php\/wp-json\/wp\/v2\/users\/2"}],"replies":[{"embeddable":true,"href":"https:\/\/cdnoticias.com\/index.php\/wp-json\/wp\/v2\/comments?post=173511"}],"version-history":[{"count":0,"href":"https:\/\/cdnoticias.com\/index.php\/wp-json\/wp\/v2\/posts\/173511\/revisions"}],"wp:featuredmedia":[{"embeddable":true,"href":"https:\/\/cdnoticias.com\/index.php\/wp-json\/wp\/v2\/media\/173512"}],"wp:attachment":[{"href":"https:\/\/cdnoticias.com\/index.php\/wp-json\/wp\/v2\/media?parent=173511"}],"wp:term":[{"taxonomy":"category","embeddable":true,"href":"https:\/\/cdnoticias.com\/index.php\/wp-json\/wp\/v2\/categories?post=173511"},{"taxonomy":"post_tag","embeddable":true,"href":"https:\/\/cdnoticias.com\/index.php\/wp-json\/wp\/v2\/tags?post=173511"}],"curies":[{"name":"wp","href":"https:\/\/api.w.org\/{rel}","templated":true}]}}