{"id":173503,"date":"2025-06-07T09:43:51","date_gmt":"2025-06-07T12:43:51","guid":{"rendered":"https:\/\/cdnoticias.com\/?p=173503"},"modified":"2025-06-07T12:00:05","modified_gmt":"2025-06-07T15:00:05","slug":"red-solidaria-olavarria-actualmente-ayudamos-a-460-familias","status":"publish","type":"post","link":"https:\/\/cdnoticias.com\/index.php\/2025\/06\/07\/red-solidaria-olavarria-actualmente-ayudamos-a-460-familias\/","title":{"rendered":"Red Solidaria Olavarr\u00eda: \u201cActualmente ayudamos a 460 familias\u201d\u00a0"},"content":{"rendered":"\n<p>La Red Solidaria naci\u00f3 en 2008 con la intenci\u00f3n de ayudar a solamente tres familias. Actualmente este n\u00famero se increment\u00f3 y en la actualidad son el nexo entre personas desempleadas y personas que necesitan de estos trabajadores.<\/p>\n\n\n\n<hr class=\"wp-block-separator aligncenter has-alpha-channel-opacity\"\/>\n\n\n\n<p>Actualmente se est\u00e1 viviendo un <strong>contexto de desempleo en nuestro pa\u00eds y tambi\u00e9n de diversos despidos masivos<\/strong> que surgen todos los d\u00edas debido al contexto inflacionario as\u00ed como tambi\u00e9n a la famosa &#8220;motosierra&#8221; que busca recortar en personal profesional y en diversos rubros. <\/p>\n\n\n\n<p><\/p>\n\n\n\n<p>Sin embargo, <strong>en Olavarr\u00eda existe una Red Solidaria integrada por tres personas que naci\u00f3 en 2008 para ayudar a familias olavarrienses<\/strong>. Hasta la actualidad siguen trabajando con la gente que m\u00e1s lo necesita.&nbsp;<\/p>\n\n\n\n<p><\/p>\n\n\n\n<p><em>Radio Universidad 90.1<\/em> dialog\u00f3 con <strong>Ram\u00f3n Leguizam\u00f3n, coordinador de Red Solidaria Olavarr\u00eda<\/strong> sobre la creaci\u00f3n de la red y los objetivos en la actualidad.<\/p>\n\n\n\n<p><\/p>\n\n\n\n<blockquote class=\"wp-block-quote is-layout-flow wp-block-quote-is-layout-flow\">\n<p>\u201cLa red de trabajo Olavarr\u00eda consiste en un banco de datos de gente que necesita trabajo y con toda la gente que necesita empleados como por ejemplo electricistas, alba\u00f1iles, pintores, empleadas dom\u00e9sticas y mantenimientos de parques y pastos\u201d cont\u00f3 Leguizam\u00f3n.&nbsp;<\/p>\n<\/blockquote>\n\n\n\n<p><\/p>\n\n\n\n<p>La iniciativa \u201c<strong>surge para la gente que est\u00e1 desempleada. Hay mucha gente que tenemos asistiendo y ayudando que nos pide trabajo m\u00e1s que nada. M\u00e1s all\u00e1 de que le damos una ayuda con ropa, calzado y alimentos ellos quieren y necesitan un trabajo para poder sustentarse\u201d<\/strong> plante\u00f3 el coordinador de la Red.&nbsp;<\/p>\n\n\n\n<p><\/p>\n\n\n\n<blockquote class=\"wp-block-quote is-layout-flow wp-block-quote-is-layout-flow\">\n<p>Asimismo Leguizam\u00f3n remarc\u00f3 que desde sus comienzos hasta el d\u00eda de hoy la ayuda destinada a las familias se increment\u00f3 en un gran n\u00famero: &#8220;cuando arrancamos en el 2008, ten\u00edamos familias puntuales, ser\u00edan dos, tres familias que est\u00e1bamos ayudando. De ah\u00ed para adelante, fue cada vez m\u00e1s. Actualmente ayudamos a alrededor de casi 460 familias\u201d. <\/p>\n<\/blockquote>\n\n\n\n<p><\/p>\n\n\n\n<p>En tanto indic\u00f3 que <strong>\u201cla gente realmente lo est\u00e1 pasando muy mal y todav\u00eda no se nota mucho en lo que es el centro de nuestra ciudad, pero s\u00ed en las afueras es donde m\u00e1s se siente y se ve\u201d.&nbsp;<\/strong><\/p>\n\n\n\n<figure class=\"wp-block-image size-full is-resized\"><img data-recalc-dims=\"1\" loading=\"lazy\" decoding=\"async\" width=\"800\" height=\"530\" src=\"https:\/\/i0.wp.com\/cdnoticias.com\/wp-content\/uploads\/2025\/06\/red-solidaria-leguizamon.jpg?resize=800%2C530&#038;ssl=1\" alt=\"\" class=\"wp-image-173524\" style=\"width:851px;height:auto\" srcset=\"https:\/\/i0.wp.com\/cdnoticias.com\/wp-content\/uploads\/2025\/06\/red-solidaria-leguizamon.jpg?w=800&amp;ssl=1 800w, https:\/\/i0.wp.com\/cdnoticias.com\/wp-content\/uploads\/2025\/06\/red-solidaria-leguizamon.jpg?resize=300%2C199&amp;ssl=1 300w, https:\/\/i0.wp.com\/cdnoticias.com\/wp-content\/uploads\/2025\/06\/red-solidaria-leguizamon.jpg?resize=768%2C509&amp;ssl=1 768w\" sizes=\"auto, (max-width: 800px) 100vw, 800px\" \/><\/figure>\n\n\n\n<p>Hace una semana <strong>lanzaron una nueva convocatoria y ya van alrededor de unas 70 personas que se anotaron buscando trabajo<\/strong>.&nbsp;Sobre los pasos a seguir, Leguizam\u00f3n indic\u00f3: \u201cSolamente ten\u00e9s que traer un curr\u00edculum y nosotros cuando haya un empleador que necesita a alguien buscamos a la persona&nbsp; m\u00e1s profesional posible\u201d.&nbsp;<\/p>\n\n\n\n<p><\/p>\n\n\n\n<blockquote class=\"wp-block-quote is-layout-flow wp-block-quote-is-layout-flow\">\n<p>Tambi\u00e9n explic\u00f3 que en la actualidad \u201cestamos buscando un lugar propio porque no tenemos un lugar para atender a la gente. Estamos atendiendo en nuestra casa, entonces se nos complica un poco sobre todo para recibir las donaciones\u201d.&nbsp;<\/p>\n<\/blockquote>\n\n\n\n<p><\/p>\n\n\n\n<p>De cara a la llegada del invierno l<strong>anzaron la campa\u00f1a \u201cTe Abrigo<\/strong>\u201d para poder <strong>recolectar frazadas, ropa de cama y colchones. <\/strong>Adem\u00e1s, contin\u00faan recibiendo alimentos, calzado y ropa.&nbsp;<\/p>\n\n\n\n<p><\/p>\n\n\n\n<p>Para sumarte a la iniciativa pod\u00e9s encontrar la <strong>p\u00e1gina de Instagram al nombre de Ram\u00f3n Leguizam\u00f3n<\/strong> y tambi\u00e9n por tel\u00e9fono al<strong> 2284-58-6656.<\/strong><\/p>\n\n\n\n<p><\/p>\n","protected":false},"excerpt":{"rendered":"<p>La Red Solidaria naci\u00f3 en 2008 con la intenci\u00f3n de ayudar a solamente tres familias. Actualmente este n\u00famero se increment\u00f3<\/p>\n","protected":false},"author":6,"featured_media":38202,"comment_status":"closed","ping_status":"closed","sticky":false,"template":"","format":"standard","meta":{"_jetpack_memberships_contains_paid_content":false,"footnotes":""},"categories":[5,1],"tags":[],"class_list":["post-173503","post","type-post","status-publish","format-standard","has-post-thumbnail","hentry","category-informacion-general","category-portada"],"jetpack_featured_media_url":"https:\/\/i0.wp.com\/cdnoticias.com\/wp-content\/uploads\/2021\/11\/red-solidaria.jpg?fit=800%2C445&ssl=1","jetpack_sharing_enabled":true,"_links":{"self":[{"href":"https:\/\/cdnoticias.com\/index.php\/wp-json\/wp\/v2\/posts\/173503","targetHints":{"allow":["GET"]}}],"collection":[{"href":"https:\/\/cdnoticias.com\/index.php\/wp-json\/wp\/v2\/posts"}],"about":[{"href":"https:\/\/cdnoticias.com\/index.php\/wp-json\/wp\/v2\/types\/post"}],"author":[{"embeddable":true,"href":"https:\/\/cdnoticias.com\/index.php\/wp-json\/wp\/v2\/users\/6"}],"replies":[{"embeddable":true,"href":"https:\/\/cdnoticias.com\/index.php\/wp-json\/wp\/v2\/comments?post=173503"}],"version-history":[{"count":0,"href":"https:\/\/cdnoticias.com\/index.php\/wp-json\/wp\/v2\/posts\/173503\/revisions"}],"wp:featuredmedia":[{"embeddable":true,"href":"https:\/\/cdnoticias.com\/index.php\/wp-json\/wp\/v2\/media\/38202"}],"wp:attachment":[{"href":"https:\/\/cdnoticias.com\/index.php\/wp-json\/wp\/v2\/media?parent=173503"}],"wp:term":[{"taxonomy":"category","embeddable":true,"href":"https:\/\/cdnoticias.com\/index.php\/wp-json\/wp\/v2\/categories?post=173503"},{"taxonomy":"post_tag","embeddable":true,"href":"https:\/\/cdnoticias.com\/index.php\/wp-json\/wp\/v2\/tags?post=173503"}],"curies":[{"name":"wp","href":"https:\/\/api.w.org\/{rel}","templated":true}]}}