{"id":173490,"date":"2025-06-06T19:39:25","date_gmt":"2025-06-06T22:39:25","guid":{"rendered":"https:\/\/cdnoticias.com\/?p=173490"},"modified":"2025-06-06T19:39:27","modified_gmt":"2025-06-06T22:39:27","slug":"propuestas-laborales-vigentes-en-la-direccion-de-empleo","status":"publish","type":"post","link":"https:\/\/cdnoticias.com\/index.php\/2025\/06\/06\/propuestas-laborales-vigentes-en-la-direccion-de-empleo\/","title":{"rendered":"Propuestas laborales vigentes en la Direcci\u00f3n de Empleo"},"content":{"rendered":"\n<p>En esta oportunidad, se suman dos b\u00fasquedas por parte de una importante empresa orientada al rubro agr\u00edcola.<\/p>\n\n\n\n<hr class=\"wp-block-separator aligncenter has-alpha-channel-opacity\"\/>\n\n\n\n<p>A trav\u00e9s de la <strong>Direcci\u00f3n de Empleo<\/strong>, se dio a conocer a la comunidad la <strong>oferta laboral vigente a la fecha.<\/strong><\/p>\n\n\n\n<p><\/p>\n\n\n\n<p>En esta oportunidad, <strong>se suman dos b\u00fasquedas por parte de una importante empresa orientada al rubro agr\u00edcola<\/strong>. A continuaci\u00f3n se detalla el listado completo.<\/p>\n\n\n\n<p><\/p>\n\n\n\n<p class=\"has-medium-font-size\"><strong>Vendedor de maquinaria agr\u00edcola<\/strong><\/p>\n\n\n\n<p>Importante empresa de la ciudad se encuentra en la b\u00fasqueda de una persona con perfil comercial, para generar y coordinar una atenci\u00f3n integral de los clientes, garantizando el cumplimiento de los objetivos del \u00e1rea y de la empresa, excediendo las expectativas y la satisfacci\u00f3n de la necesidad de los clientes. Ser\u00e1n sus funciones relevar, planificar y visitar clientes, gestionar venta y efectuar seguimiento a lo largo del ciclo de vida del producto.<\/p>\n\n\n\n<p><strong>Jornada laboral: lunes a viernes, de 8:30 a 17:30 horas.<\/strong><\/p>\n\n\n\n<p><strong>Requisitos<\/strong><\/p>\n\n\n\n<ul class=\"wp-block-list\">\n<li>Licenciatura o tecnicatura en comercializaci\u00f3n o ingenier\u00eda mec\u00e1nica\/miner\u00eda.<\/li>\n\n\n\n<li>Experiencia en puestos de ventas de maquinaria.<\/li>\n\n\n\n<li>Persona proactiva y con orientaci\u00f3n a los resultados.<\/li>\n\n\n\n<li>Se valorar\u00e1 habilidades de negociaci\u00f3n.<\/li>\n<\/ul>\n\n\n\n<p><\/p>\n\n\n\n<p class=\"has-medium-font-size\"><strong>Vendedor de repuestos agr\u00edcolas<\/strong><\/p>\n\n\n\n<p>Importante empresa de la ciudad se encuentra en la b\u00fasqueda de una persona con perfil comercial para ser representante de atenci\u00f3n al cliente a campo, proporcionando soluciones de soporte de producto para los clientes mediante la b\u00fasqueda activa de la venta de repuestos, servicios y convirti\u00e9ndose en asesor\/a de venta consultiva de confianza. Ser\u00e1n sus funciones asesorar a clientes sobre aspectos de mantenimiento y manejo adecuado de la maquinaria, trabajar con el gerente de punto de venta en el desarrollo de programas de atenci\u00f3n,&nbsp; fidelizaci\u00f3n de clientes y generar oportunidades de negocios<\/p>\n\n\n\n<p><strong>Requisitos<\/strong><\/p>\n\n\n\n<ul class=\"wp-block-list\">\n<li>Graduado\/a de una ingenier\u00eda o tecnicatura mec\u00e1nica, electromec\u00e1nica o de comercializaci\u00f3n.<\/li>\n\n\n\n<li>Disponibilidad para viajar y con carnet de conducir vigente (excluyente).<\/li>\n\n\n\n<li>Perfil que priorice el trabajo en equipo, orientado a resultados y con vocaci\u00f3n de servicio.<\/li>\n\n\n\n<li>Preferentemente con conocimientos en Microsoft 365, Excel y Power BI.<\/li>\n<\/ul>\n\n\n\n<p>Las b\u00fasquedas se encuentran publicadas en el <a href=\"https:\/\/invertir.olavarria.gov.ar\/servicios\/portal-de-empleo\/\" target=\"_blank\" rel=\"noreferrer noopener\"><strong>Portal de Empleo<\/strong><\/a>, espacio donde los\/as interesados\/as pueden postular de manera directa.<\/p>\n\n\n\n<p><\/p>\n","protected":false},"excerpt":{"rendered":"<p>En esta oportunidad, se suman dos b\u00fasquedas por parte de una importante empresa orientada al rubro agr\u00edcola. A trav\u00e9s de<\/p>\n","protected":false},"author":6,"featured_media":173491,"comment_status":"closed","ping_status":"closed","sticky":false,"template":"","format":"standard","meta":{"_jetpack_memberships_contains_paid_content":false,"footnotes":""},"categories":[5,1],"tags":[],"class_list":["post-173490","post","type-post","status-publish","format-standard","has-post-thumbnail","hentry","category-informacion-general","category-portada"],"jetpack_featured_media_url":"https:\/\/i0.wp.com\/cdnoticias.com\/wp-content\/uploads\/2025\/06\/oficia-de-empleo.jpg?fit=900%2C599&ssl=1","jetpack_sharing_enabled":true,"_links":{"self":[{"href":"https:\/\/cdnoticias.com\/index.php\/wp-json\/wp\/v2\/posts\/173490","targetHints":{"allow":["GET"]}}],"collection":[{"href":"https:\/\/cdnoticias.com\/index.php\/wp-json\/wp\/v2\/posts"}],"about":[{"href":"https:\/\/cdnoticias.com\/index.php\/wp-json\/wp\/v2\/types\/post"}],"author":[{"embeddable":true,"href":"https:\/\/cdnoticias.com\/index.php\/wp-json\/wp\/v2\/users\/6"}],"replies":[{"embeddable":true,"href":"https:\/\/cdnoticias.com\/index.php\/wp-json\/wp\/v2\/comments?post=173490"}],"version-history":[{"count":0,"href":"https:\/\/cdnoticias.com\/index.php\/wp-json\/wp\/v2\/posts\/173490\/revisions"}],"wp:featuredmedia":[{"embeddable":true,"href":"https:\/\/cdnoticias.com\/index.php\/wp-json\/wp\/v2\/media\/173491"}],"wp:attachment":[{"href":"https:\/\/cdnoticias.com\/index.php\/wp-json\/wp\/v2\/media?parent=173490"}],"wp:term":[{"taxonomy":"category","embeddable":true,"href":"https:\/\/cdnoticias.com\/index.php\/wp-json\/wp\/v2\/categories?post=173490"},{"taxonomy":"post_tag","embeddable":true,"href":"https:\/\/cdnoticias.com\/index.php\/wp-json\/wp\/v2\/tags?post=173490"}],"curies":[{"name":"wp","href":"https:\/\/api.w.org\/{rel}","templated":true}]}}