{"id":173471,"date":"2025-06-09T08:07:41","date_gmt":"2025-06-09T11:07:41","guid":{"rendered":"https:\/\/cdnoticias.com\/?p=173471"},"modified":"2025-06-09T08:07:43","modified_gmt":"2025-06-09T11:07:43","slug":"confirman-la-suspension-del-decreto-que-transformo-al-banco-nacion-en-sociedad-anonima-habra-apelacion","status":"publish","type":"post","link":"https:\/\/cdnoticias.com\/index.php\/2025\/06\/09\/confirman-la-suspension-del-decreto-que-transformo-al-banco-nacion-en-sociedad-anonima-habra-apelacion\/","title":{"rendered":"Confirman la suspensi\u00f3n del decreto que transform\u00f3 al Banco Naci\u00f3n en sociedad an\u00f3nima: habr\u00e1 apelaci\u00f3n"},"content":{"rendered":"<p>La C\u00e1mara Federal de La Plata consider\u00f3 que la delegaci\u00f3n contenida en la Ley Bases no habilit\u00f3 al Poder Ejecutivo a transformar la entidad bancaria.<!--more--><\/p>\n<hr \/>\n<p>La <strong>Sala III de la C\u00e1mara Federal de Apelaciones de La Plata<\/strong>, con voto de los <strong>jueces Carlos Vallef\u00edn y Roberto Lemos Arias<\/strong>, confirm\u00f3 la<strong> suspensi\u00f3n del decreto 116\/2025 que dispuso la transformaci\u00f3n del Banco de la Naci\u00f3n Argentina (BNA) en una sociedad an\u00f3nima.<\/strong><\/p>\n<p>La decisi\u00f3n lleg\u00f3 en el marco de <strong>una acci\u00f3n promovida por trabajadores de la entidad en representaci\u00f3n de todo el colectivo del Banco de la Naci\u00f3n Argentina<\/strong>, con el apoyo de la <strong>Asociaci\u00f3n Bancaria como \u201camicus curiae\u201d<\/strong>, en la que cuestionaron las acciones oficiales destinadas a la privatizaci\u00f3n de la entidad bancaria y requirieron, concretamente, la suspensi\u00f3n del decreto 116\/2025 que dispuso la transformaci\u00f3n del BNA en una sociedad an\u00f3nima.<\/p>\n<p>El juez de primera instancia <a href=\"https:\/\/cdnoticias.com\/index.php\/2025\/02\/25\/un-juez-suspendio-la-transformacion-del-banco-nacion-en-sociedad-anonima\/\" target=\"_blank\" rel=\"noopener\">admiti\u00f3 su planteo y decret\u00f3 una medida cautelar suspensiva<\/a> del decreto de referencia. Esa decisi\u00f3n fue apelada, tanto por el Estado Nacional como por el Banco de la Naci\u00f3n Argentina, y el tribunal de alzada la confirm\u00f3.<\/p>\n<blockquote><p>Sostuvo la C\u00e1mara Federal que los actores se encontraban legitimados para concurrir a la justicia a los fines de \u201ccuestionar la regularidad constitucional de un decreto que transforma una entidad aut\u00e1rquica gobernada por el derecho p\u00fablico -que es su empleadora- en una sociedad an\u00f3nima\u201d. Asimismo, se destac\u00f3 que la pretensi\u00f3n fue acompa\u00f1ada por una entidad gremial de primer grado que ejerce la representaci\u00f3n de 17.400 afiliados en el pa\u00eds.<\/p><\/blockquote>\n<blockquote class=\"wp-embedded-content\" data-secret=\"4jLf6M3iu9\"><p><a href=\"https:\/\/cdnoticias.com\/index.php\/2025\/02\/20\/milei-firmo-el-decreto-que-transforma-al-banco-nacion-en-sociedad-anonima\/\">Milei firm\u00f3 el decreto que transforma al Banco Naci\u00f3n en Sociedad An\u00f3nima<\/a><\/p><\/blockquote>\n<p><iframe loading=\"lazy\" class=\"wp-embedded-content\" sandbox=\"allow-scripts\" security=\"restricted\" style=\"position: absolute; visibility: hidden;\" title=\"&#8220;Milei firm\u00f3 el decreto que transforma al Banco Naci\u00f3n en Sociedad An\u00f3nima&#8221; &#8212; Central de Noticias | Olavarr\u00eda\" src=\"https:\/\/cdnoticias.com\/index.php\/2025\/02\/20\/milei-firmo-el-decreto-que-transforma-al-banco-nacion-en-sociedad-anonima\/embed\/#?secret=DB5IosKorH#?secret=4jLf6M3iu9\" data-secret=\"4jLf6M3iu9\" width=\"600\" height=\"338\" frameborder=\"0\" marginwidth=\"0\" marginheight=\"0\" scrolling=\"no\"><\/iframe><\/p>\n<p>En torno a la medida cautelar, el Tribunal sostuvo que <strong>los requisitos para otorgar la medida se encontraban satisfechos<\/strong>. Explic\u00f3, en tal sentido, que se acreditaron sumariamente la verosimilitud del derecho, el peligro en la demora y la no afectaci\u00f3n del inter\u00e9s p\u00fablico.<\/p>\n<p>De tal modo, explicaron que <strong>\u201cla privatizaci\u00f3n del Banco de la Naci\u00f3n Argentina fue objeto de exclusi\u00f3n del proyecto originario<\/strong> -remitido por el Poder Ejecutivo- que culmin\u00f3 con la sanci\u00f3n de la ley 27.742 de Bases y Puntos de Partida para la Libertad de los Argentinos\u201d.<\/p>\n<p>Dicha exclusi\u00f3n, agregaron, \u201cautoriza a concluir que el Congreso difiri\u00f3 a su juicio futuro examinar o no la modificaci\u00f3n de la condici\u00f3n jur\u00eddica del Banco de la Naci\u00f3n Argentina establecida por ley\u201d y que \u201cel tr\u00e1mite parlamentario da cuenta, entonces, de que <strong>el Congreso de la Naci\u00f3n no incluy\u00f3 a dicha instituci\u00f3n entre las entidades privatizables\u201d<\/strong>.<\/p>\n<blockquote><p>De tal modo, la C\u00e1mara Federal de La Plata concluy\u00f3 que \u201cla delegaci\u00f3n que invoca el Poder Ejecutivo para resolver la transformaci\u00f3n en una sociedad an\u00f3nima no pueden aplicarse a una entidad a la que el Congreso no habilit\u00f3 a modificar en su naturaleza\u201d.<\/p><\/blockquote>\n<p>Dicha \u201cdelegaci\u00f3n \u2013expresaron los jueces de C\u00e1mara- que autoriza al Poder Ejecutivo a \u2018reducir el sobredimensionamiento de la estructura estatal con el fin de disminuir el d\u00e9ficit\u2019 no puede considerarse un patr\u00f3n inteligible que lo habilite a modificar la naturaleza jur\u00eddica conferida por ley al Banco de la Naci\u00f3n Argentina\u201d.<\/p>\n<p>Con esos fundamentos, entonces, <strong>el tribunal rechaz\u00f3 los recursos de apelaci\u00f3n y confirm\u00f3 la suspensi\u00f3n del decreto 116\/2025<\/strong>.<\/p>\n<h3>El Gobierno apelar\u00e1 el fallo<\/h3>\n<p><strong>Desde el Gobierno nacional<\/strong> aseguraron este viernes que <strong>apelar\u00e1n el fallo<\/strong> que, indicaron, <strong>\u201cparece responder \u00fanicamente a la intenci\u00f3n de proteger los intereses y privilegios de ciertos sectores sindicales\u201d<\/strong>.<\/p>\n<blockquote><p>\u201cVamos a apelar este fallo y seguiremos trabajando para dejar atr\u00e1s viejas pr\u00e1cticas y alcanzar el Banco Naci\u00f3n que se merecen los argentinos\u201d, indicaron en un comunicado desde la entidad.<\/p><\/blockquote>\n<blockquote class=\"wp-embedded-content\" data-secret=\"hLCb24Bf4w\"><p><a href=\"https:\/\/cdnoticias.com\/index.php\/2025\/02\/25\/un-juez-suspendio-la-transformacion-del-banco-nacion-en-sociedad-anonima\/\">Un juez suspendi\u00f3 la transformaci\u00f3n del Banco Naci\u00f3n en sociedad an\u00f3nima<\/a><\/p><\/blockquote>\n<p><iframe loading=\"lazy\" class=\"wp-embedded-content\" sandbox=\"allow-scripts\" security=\"restricted\" style=\"position: absolute; visibility: hidden;\" title=\"&#8220;Un juez suspendi\u00f3 la transformaci\u00f3n del Banco Naci\u00f3n en sociedad an\u00f3nima&#8221; &#8212; Central de Noticias | Olavarr\u00eda\" src=\"https:\/\/cdnoticias.com\/index.php\/2025\/02\/25\/un-juez-suspendio-la-transformacion-del-banco-nacion-en-sociedad-anonima\/embed\/#?secret=xYJNvgTJQ4#?secret=hLCb24Bf4w\" data-secret=\"hLCb24Bf4w\" width=\"600\" height=\"338\" frameborder=\"0\" marginwidth=\"0\" marginheight=\"0\" scrolling=\"no\"><\/iframe><\/p>\n<blockquote><p>Tras asegurar que la resoluci\u00f3n contradice lo aprobado por el Congreso en la Ley de Bases, las autoridades indicaron que la conversi\u00f3n en Sociedad An\u00f3nima no es un simple cambio societario: tiene como objetivo modernizar al Banco Naci\u00f3n, consolidar su liderazgo como motor del cr\u00e9dito para los argentinos, y acompa\u00f1ar a empresas y ciudadanos en un proceso de mayor libertad econ\u00f3mica.<\/p><\/blockquote>\n<p><em>\u201cLa transformaci\u00f3n va a mejorar la eficiencia y la profesionalizaci\u00f3n necesarias para que el Banco Naci\u00f3n vuelva a cumplir plenamente su rol como promotor del desarrollo productivo del pa\u00eds\u201d<\/em>, justificaron.<\/p>\n<p>Fuente:<em> Agencia DIB<\/em><\/p>\n","protected":false},"excerpt":{"rendered":"<p>La C\u00e1mara Federal de La Plata consider\u00f3 que la delegaci\u00f3n contenida en la Ley Bases no habilit\u00f3 al Poder Ejecutivo<\/p>\n","protected":false},"author":4,"featured_media":413,"comment_status":"closed","ping_status":"closed","sticky":false,"template":"","format":"standard","meta":{"_jetpack_memberships_contains_paid_content":false,"footnotes":""},"categories":[6,1],"tags":[],"class_list":["post-173471","post","type-post","status-publish","format-standard","has-post-thumbnail","hentry","category-nacionales","category-portada"],"jetpack_featured_media_url":"https:\/\/i0.wp.com\/cdnoticias.com\/wp-content\/uploads\/2020\/09\/asdasd-1.jpg?fit=1004%2C566&ssl=1","jetpack_sharing_enabled":true,"_links":{"self":[{"href":"https:\/\/cdnoticias.com\/index.php\/wp-json\/wp\/v2\/posts\/173471","targetHints":{"allow":["GET"]}}],"collection":[{"href":"https:\/\/cdnoticias.com\/index.php\/wp-json\/wp\/v2\/posts"}],"about":[{"href":"https:\/\/cdnoticias.com\/index.php\/wp-json\/wp\/v2\/types\/post"}],"author":[{"embeddable":true,"href":"https:\/\/cdnoticias.com\/index.php\/wp-json\/wp\/v2\/users\/4"}],"replies":[{"embeddable":true,"href":"https:\/\/cdnoticias.com\/index.php\/wp-json\/wp\/v2\/comments?post=173471"}],"version-history":[{"count":0,"href":"https:\/\/cdnoticias.com\/index.php\/wp-json\/wp\/v2\/posts\/173471\/revisions"}],"wp:featuredmedia":[{"embeddable":true,"href":"https:\/\/cdnoticias.com\/index.php\/wp-json\/wp\/v2\/media\/413"}],"wp:attachment":[{"href":"https:\/\/cdnoticias.com\/index.php\/wp-json\/wp\/v2\/media?parent=173471"}],"wp:term":[{"taxonomy":"category","embeddable":true,"href":"https:\/\/cdnoticias.com\/index.php\/wp-json\/wp\/v2\/categories?post=173471"},{"taxonomy":"post_tag","embeddable":true,"href":"https:\/\/cdnoticias.com\/index.php\/wp-json\/wp\/v2\/tags?post=173471"}],"curies":[{"name":"wp","href":"https:\/\/api.w.org\/{rel}","templated":true}]}}