{"id":17342,"date":"2021-03-28T11:04:17","date_gmt":"2021-03-28T14:04:17","guid":{"rendered":"http:\/\/www.centraldenoticias.com.ar\/?p=17342"},"modified":"2021-03-28T13:36:00","modified_gmt":"2021-03-28T16:36:00","slug":"disparos-de-armas-en-la-intervencion-ante-dos-reuniones-con-mas-de-50-asistentes","status":"publish","type":"post","link":"https:\/\/cdnoticias.com\/index.php\/2021\/03\/28\/disparos-de-armas-en-la-intervencion-ante-dos-reuniones-con-mas-de-50-asistentes\/","title":{"rendered":"Disparos de armas en la intervenci\u00f3n ante dos reuniones con m\u00e1s de 50 asistentes"},"content":{"rendered":"<p class=\"western\">Ambas reuniones fueron localizadas en el mismo sector de la ciudad. \u201cPreocupaci\u00f3n y disconformidad\u201d en el \u00e1mbito municipal ante la violenta respuesta de los infractores.<!--more--><\/p>\n<hr \/>\n<p class=\"western\"><strong>En las \u00faltimas horas, personal municipal del \u00e1rea de la Subsecretar\u00eda de Seguridad intervino ante la detecci\u00f3n de dos reuniones con muchos m\u00e1s asistentes de los permitidos en el mismo sector de la ciudad<\/strong>.<\/p>\n<p>&nbsp;<\/p>\n<p class=\"western\">En ambos casos, al desarticular el encuentro, los agentes municipales dieron cuenta de que <strong>se escucharon disparos de armas de fuego<\/strong>.<\/p>\n<p>&nbsp;<\/p>\n<blockquote>\n<p class=\"western\">La situaci\u00f3n gener\u00f3 \u201cpreocupaci\u00f3n y disconformidad\u201d en el \u00e1mbito municipal por la violencia de la respuesta de los infractores ante la intervenci\u00f3n.<\/p>\n<\/blockquote>\n<p>&nbsp;<\/p>\n<p class=\"western\">Durante la madrugada de este domingo se constataron dos reuniones. <strong>Una en R\u00edo Negro al 3400<\/strong> donde se determin\u00f3 que hab\u00eda <strong>unos 70 participantes<\/strong>. Al advertir la presencia de los efectivos municipales y del CPO algunas personas huyeron y, en esa situaci\u00f3n, se indic\u00f3 que <strong>una de ellas realiz\u00f3 disparos de arma de fuego<\/strong>.<\/p>\n<p>&nbsp;<\/p>\n<p><img data-recalc-dims=\"1\" loading=\"lazy\" decoding=\"async\" class=\"aligncenter wp-image-17345 size-full\" src=\"https:\/\/i0.wp.com\/cdnoticias.com\/wp-content\/uploads\/2021\/03\/policia-reunion01.jpg?resize=800%2C446&#038;ssl=1\" alt=\"\" width=\"800\" height=\"446\" srcset=\"https:\/\/i0.wp.com\/cdnoticias.com\/wp-content\/uploads\/2021\/03\/policia-reunion01.jpg?w=800&amp;ssl=1 800w, https:\/\/i0.wp.com\/cdnoticias.com\/wp-content\/uploads\/2021\/03\/policia-reunion01.jpg?resize=300%2C167&amp;ssl=1 300w, https:\/\/i0.wp.com\/cdnoticias.com\/wp-content\/uploads\/2021\/03\/policia-reunion01.jpg?resize=768%2C428&amp;ssl=1 768w\" sizes=\"auto, (max-width: 800px) 100vw, 800px\" \/><\/p>\n<p>&nbsp;<\/p>\n<p class=\"western\">En tanto <strong>en La Rioja al 3300<\/strong> se dio una situaci\u00f3n similar: se estableci\u00f3 que hab\u00eda <strong>unas 50 personas<\/strong> en una reuni\u00f3n quienes, al notar que el personal de seguridad estaba en el lugar, arrojaron distintos elementos a los efectivos. Asimismo, al labrar la infracci\u00f3n <strong>se escucharon detonaciones de armas de fuego a escasos metros de los presentes<\/strong>. Se aclar\u00f3 que los agentes municipales resultaron ilesos y los m\u00f3viles no tuvieron da\u00f1os.<\/p>\n<p>&nbsp;<\/p>\n<p class=\"western\">Cabe recordar que<a href=\"https:\/\/cdnoticias.com\/index.php\/2021\/03\/24\/covid-el-ejecutivo-formalizo-en-un-decreto-las-restricciones\/\" target=\"_blank\" rel=\"noopener\"> la semana pasada el Municipio decret\u00f3<\/a> que <strong>las reuniones pueden contar con hasta un m\u00e1ximo de 10 asistentes en espacios abiertos o cerrados con amplia ventilaci\u00f3n<\/strong>, medida dispuesta ante el <a href=\"https:\/\/cdnoticias.com\/index.php\/2021\/03\/27\/covid-en-olavarria-46-nuevos-positivos-mientras-crece-la-ocupacion-del-hospital\/\" target=\"_blank\" rel=\"noopener\">crecimiento de los casos de Covid<\/a>.<\/p>\n<p>&nbsp;<\/p>\n<blockquote>\n<p class=\"western\">Dicha normativa, el decreto 1.017\/21, establece en el art\u00edculo 16 acerca de las infracciones por reuniones sociales no permitidas, que son pasibles de multas tanto los organizadores de este tipo de eventos como los propietarios de los locales que alquilen o cedan el lugar para facilitar la reuni\u00f3n.<\/p>\n<\/blockquote>\n","protected":false},"excerpt":{"rendered":"<p>Ambas reuniones fueron localizadas en el mismo sector de la ciudad. \u201cPreocupaci\u00f3n y disconformidad\u201d en el \u00e1mbito municipal ante la<\/p>\n","protected":false},"author":4,"featured_media":17344,"comment_status":"closed","ping_status":"closed","sticky":false,"template":"","format":"standard","meta":{"_jetpack_memberships_contains_paid_content":false,"footnotes":""},"categories":[14,1],"tags":[],"class_list":["post-17342","post","type-post","status-publish","format-standard","has-post-thumbnail","hentry","category-policiales","category-portada"],"jetpack_featured_media_url":"https:\/\/i0.wp.com\/cdnoticias.com\/wp-content\/uploads\/2021\/03\/policia-reunion00.jpg?fit=800%2C445&ssl=1","jetpack_sharing_enabled":true,"_links":{"self":[{"href":"https:\/\/cdnoticias.com\/index.php\/wp-json\/wp\/v2\/posts\/17342","targetHints":{"allow":["GET"]}}],"collection":[{"href":"https:\/\/cdnoticias.com\/index.php\/wp-json\/wp\/v2\/posts"}],"about":[{"href":"https:\/\/cdnoticias.com\/index.php\/wp-json\/wp\/v2\/types\/post"}],"author":[{"embeddable":true,"href":"https:\/\/cdnoticias.com\/index.php\/wp-json\/wp\/v2\/users\/4"}],"replies":[{"embeddable":true,"href":"https:\/\/cdnoticias.com\/index.php\/wp-json\/wp\/v2\/comments?post=17342"}],"version-history":[{"count":0,"href":"https:\/\/cdnoticias.com\/index.php\/wp-json\/wp\/v2\/posts\/17342\/revisions"}],"wp:featuredmedia":[{"embeddable":true,"href":"https:\/\/cdnoticias.com\/index.php\/wp-json\/wp\/v2\/media\/17344"}],"wp:attachment":[{"href":"https:\/\/cdnoticias.com\/index.php\/wp-json\/wp\/v2\/media?parent=17342"}],"wp:term":[{"taxonomy":"category","embeddable":true,"href":"https:\/\/cdnoticias.com\/index.php\/wp-json\/wp\/v2\/categories?post=17342"},{"taxonomy":"post_tag","embeddable":true,"href":"https:\/\/cdnoticias.com\/index.php\/wp-json\/wp\/v2\/tags?post=17342"}],"curies":[{"name":"wp","href":"https:\/\/api.w.org\/{rel}","templated":true}]}}