{"id":173340,"date":"2025-06-05T12:31:36","date_gmt":"2025-06-05T15:31:36","guid":{"rendered":"https:\/\/cdnoticias.com\/?p=173340"},"modified":"2025-06-05T17:01:59","modified_gmt":"2025-06-05T20:01:59","slug":"intento-evadir-un-control-de-transito-pero-lo-atraparon","status":"publish","type":"post","link":"https:\/\/cdnoticias.com\/index.php\/2025\/06\/05\/intento-evadir-un-control-de-transito-pero-lo-atraparon\/","title":{"rendered":"Intent\u00f3 evadir un control de tr\u00e1nsito, pero lo atraparon"},"content":{"rendered":"<p>El conductor fue aprehendido. La moto qued\u00f3 secuestrada ya que se constat\u00f3 que ten\u00eda el n\u00famero de motor suprimido. Fue interceptado en Alberdi y Merlo.<!--more--><\/p>\n<hr \/>\n<p>Un <strong>hombre de 22 a\u00f1os<\/strong> fue <strong>aprehendido<\/strong> en la<strong> zona de avenida Alberdi y Merlo<\/strong> luego de intentar <strong>evadir un control policial<\/strong> mientras <strong>circulaba a bordo de una moto<\/strong>.<\/p>\n<p>Personal del <strong>Comando de Patrullas<\/strong> realizaba tareas de prevenci\u00f3n de il\u00edcitos en inmediaciones de<strong> Merlo y calle 17<\/strong>. En ese contexto, <strong>los efectivos visualizaron al motociclista y le ordenaron que detuviera su marcha<\/strong>, aunque este hizo caso omiso y <strong>se dio a la fuga.<\/strong><\/p>\n<blockquote><p>La persecuci\u00f3n concluy\u00f3 en pocos metros, en la intersecci\u00f3n de Alberdi y Merlo donde se logr\u00f3 interceptar al conductor. Al verificar los datos del motoveh\u00edculo, una Yamaha YBR, se constat\u00f3 que el n\u00famero de motor se encontraba suprimido.<\/p><\/blockquote>\n<p>Ante esta situaci\u00f3n, se dispuso el <strong>secuestro del rodado<\/strong> y el <strong>traslado del implicado a la dependencia policial<\/strong> correspondiente. La causa fue caratulada como <strong>\u201cinfracci\u00f3n al art\u00edculo 289 inciso 3\u00ba del C\u00f3digo Penal\u201d<\/strong> y cuenta con la intervenci\u00f3n de la UFI N\u00ba 7 a cargo del fiscal Dr. Urlezaga.<\/p>\n","protected":false},"excerpt":{"rendered":"<p>El conductor fue aprehendido. La moto qued\u00f3 secuestrada ya que se constat\u00f3 que ten\u00eda el n\u00famero de motor suprimido. Fue<\/p>\n","protected":false},"author":4,"featured_media":173341,"comment_status":"closed","ping_status":"closed","sticky":false,"template":"","format":"standard","meta":{"_jetpack_memberships_contains_paid_content":false,"footnotes":""},"categories":[14,1],"tags":[],"class_list":["post-173340","post","type-post","status-publish","format-standard","has-post-thumbnail","hentry","category-policiales","category-portada"],"jetpack_featured_media_url":"https:\/\/i0.wp.com\/cdnoticias.com\/wp-content\/uploads\/2025\/06\/alberdi-y-merlo-moto-secuestrada.jpg?fit=1000%2C556&ssl=1","jetpack_sharing_enabled":true,"_links":{"self":[{"href":"https:\/\/cdnoticias.com\/index.php\/wp-json\/wp\/v2\/posts\/173340","targetHints":{"allow":["GET"]}}],"collection":[{"href":"https:\/\/cdnoticias.com\/index.php\/wp-json\/wp\/v2\/posts"}],"about":[{"href":"https:\/\/cdnoticias.com\/index.php\/wp-json\/wp\/v2\/types\/post"}],"author":[{"embeddable":true,"href":"https:\/\/cdnoticias.com\/index.php\/wp-json\/wp\/v2\/users\/4"}],"replies":[{"embeddable":true,"href":"https:\/\/cdnoticias.com\/index.php\/wp-json\/wp\/v2\/comments?post=173340"}],"version-history":[{"count":0,"href":"https:\/\/cdnoticias.com\/index.php\/wp-json\/wp\/v2\/posts\/173340\/revisions"}],"wp:featuredmedia":[{"embeddable":true,"href":"https:\/\/cdnoticias.com\/index.php\/wp-json\/wp\/v2\/media\/173341"}],"wp:attachment":[{"href":"https:\/\/cdnoticias.com\/index.php\/wp-json\/wp\/v2\/media?parent=173340"}],"wp:term":[{"taxonomy":"category","embeddable":true,"href":"https:\/\/cdnoticias.com\/index.php\/wp-json\/wp\/v2\/categories?post=173340"},{"taxonomy":"post_tag","embeddable":true,"href":"https:\/\/cdnoticias.com\/index.php\/wp-json\/wp\/v2\/tags?post=173340"}],"curies":[{"name":"wp","href":"https:\/\/api.w.org\/{rel}","templated":true}]}}