{"id":17330,"date":"2021-03-28T09:36:13","date_gmt":"2021-03-28T12:36:13","guid":{"rendered":"http:\/\/www.centraldenoticias.com.ar\/?p=17330"},"modified":"2021-03-28T11:04:57","modified_gmt":"2021-03-28T14:04:57","slug":"redujeron-la-pena-para-el-ex-fiscal-rivero-condenado-por-abuso-sexual","status":"publish","type":"post","link":"https:\/\/cdnoticias.com\/index.php\/2021\/03\/28\/redujeron-la-pena-para-el-ex-fiscal-rivero-condenado-por-abuso-sexual\/","title":{"rendered":"Redujeron la pena para el ex fiscal Rivero, condenado por abuso sexual"},"content":{"rendered":"<p class=\"western\">En segunda instancia se confirm\u00f3 parcialmente la sentencia de diciembre pasado. La condena se redujo a dos a\u00f1os de prisi\u00f3n en suspenso.<!--more--><\/p>\n<hr \/>\n<p class=\"western\"><a href=\"https:\/\/cdnoticias.com\/index.php\/2020\/12\/15\/once-anos-despues-el-ex-fiscal-rivero-fue-condenado-por-abuso-sexual\/\" target=\"_blank\" rel=\"noopener\">En diciembre pasado el juez correccional H\u00e9ctor Torrens de Azul conden\u00f3<\/a> a tres a\u00f1os y tres meses de prisi\u00f3n a <strong>Rub\u00e9n Ariel Rivero por abusar de una menor en Olavarr\u00eda cuando era fiscal penal<\/strong>. Apelaci\u00f3n mediante, <strong>hace tres d\u00edas la C\u00e1mara Penal confirm\u00f3 parcialmente el fallo de aquel juici<\/strong>o, relacionado con el caso sucedido en septiembre de 2009.<\/p>\n<p>&nbsp;<\/p>\n<p class=\"western\">Tal como dio a conocer diario El Tiempo de Azul, <strong>al descartar una de las circunstancias agravantes<\/strong> valoradas en el debate, desde <strong>el m\u00e1ximo Tribunal de Alzada departamental la sanci\u00f3n para el ex funcionario judicial qued\u00f3 fijada ahora en dos a\u00f1os de prisi\u00f3n en suspenso<\/strong>.<\/p>\n<p>&nbsp;<\/p>\n<p class=\"western\">La resoluci\u00f3n se dio a conocer el jueves. Los <strong>camaristas Dami\u00e1n Cini y Carlos Pagliere (h)<\/strong> resolvieron por unanimidad \u201creajustar\u201d el monto de la pena dictada en aquel juicio para Rivero, oriundo de Mar del Plata, con actual domicilio en La Plata y de 52 a\u00f1os de edad.<\/p>\n<p class=\"western\">Adem\u00e1s, teniendo en cuenta el tipo de sanci\u00f3n dictada ahora para el ex fiscal,<strong> la C\u00e1mara fij\u00f3 como pautas de conducta<\/strong>, por el plazo de dos a\u00f1os, \u201cconstituir domicilio, someterse al control del Patronato de Liberados y no intentar acercamiento trato personal ni contacto por ning\u00fan medio con la v\u00edctima en la presente causa ni con su grupo familiar\u201d.<\/p>\n<p>&nbsp;<\/p>\n<p class=\"western\">Todas esas obligaciones, de no ser cumplidas por Rivero, podr\u00edan derivar en que le sea revocada la\u00a0condicionalidad de esa pena que en esta segunda instancia qued\u00f3 fijada en los ya mencionados dos\u00a0a\u00f1os de prisi\u00f3n.<\/p>\n<p>&nbsp;<\/p>\n<p class=\"western\"><strong>Agravante que fue descartada<\/strong><\/p>\n<p>&nbsp;<\/p>\n<p class=\"western\">El hecho por el que Rivero hab\u00eda sido condenado <strong>sucedi\u00f3 en Olavarr\u00eda el 8 de septiembre de 2009<\/strong>, un mes despu\u00e9s a que jurara como titular en una de las fiscal\u00edas de nuestra ciudad. En el debate llevado a cabo en el Juzgado Correccional n\u00famero 2 el ex fiscal hab\u00eda sido declarado autor del delito de abuso sexual simple cometido mediante intimidaci\u00f3n por la relaci\u00f3n de poder.<\/p>\n<p>&nbsp;<\/p>\n<p class=\"western\"><strong>Laura Grassi<\/strong>, una de las abogadas que patrocin\u00f3 a Rivero en el juicio, fue quien recurri\u00f3 el fallo ante la C\u00e1mara Penal.<\/p>\n<p>&nbsp;<\/p>\n<p class=\"western\">En ese escrito presentado en la Alzada departamental la Defensora Particular <strong>insisti\u00f3, entre otras cuestiones, con el pedido para que fuera declarada la prescripci\u00f3n de la acci\u00f3n penal<\/strong> por la que fue condenado. Pero esa solicitud, tal como ya hab\u00eda ocurrido durante el juicio y en instancias previas a realizado ese debate, <strong>tampoco ahora prosper\u00f3<\/strong>.<\/p>\n<p>&nbsp;<\/p>\n<p class=\"western\">El Juez Correccional que hab\u00eda condenado a Rivero consider\u00f3 que <strong>el hecho de que se desempe\u00f1ara\u00a0como fiscal<\/strong> para cuando cometi\u00f3 este caso de abuso sexual era una circunstancia potenciadora de\u00a0aquella sanci\u00f3n de tres a\u00f1os y tres meses de prisi\u00f3n que le impusiera.\u00a0<strong>La Defensa del ex funcionario judicial, en el recurso formulado ante la C\u00e1mara Penal, hab\u00eda objetado la validez de esa agravante, la cual en esta segunda instancia fue descartada y, en consecuencia, se tradujo en una reducci\u00f3n de la pena para el tambi\u00e9n ex polic\u00eda<\/strong>.<\/p>\n<p>&nbsp;<\/p>\n<blockquote>\n<p class=\"western\">\u201cEl delito cometido por parte de Rivero no fue en ejercicio de sus funciones como fiscal, motivo por\u00a0el cual su cargo p\u00fablico no puede operar como una agravante\u201d, se indic\u00f3 en un tramo de lo dispuesto desde el m\u00e1ximo Tribunal de Alzada departamental.<\/p>\n<\/blockquote>\n<p>&nbsp;<\/p>\n<p class=\"western\">\u201cEs muy cierto lo que expresa el magistrado -escribi\u00f3 el camarista Pagliere (h) al aludir a lo que sosten\u00eda el juez Correccional Torrens en el fallo- en relaci\u00f3n a que el cargo p\u00fablico que ostentaba Rivero evidentemente lo dota de una mayor obligaci\u00f3n en el respeto de derechos ajenos. Pero <strong>dicha obligaci\u00f3n, que emerge del ejercicio del cargo, acarrea penalidades que se circunscriben al ejercicio\u00a0del mismo<\/strong>\u201d.<\/p>\n<p>&nbsp;<\/p>\n<p class=\"western\">\u201cPero esta mayor obligaci\u00f3n en cabeza de Rivero, que se traduce en obvias secuelas funcionales, no configura un factor de agravamiento del injusto penal, por cuanto <strong>el delito no ha sido perpetrado en ejercicio de sus funciones<\/strong>, y le corresponde -por el principio de igualdad ante la ley se\u00f1alado en\u00a0uno de los art\u00edculos de la Constituci\u00f3n Nacional- un reproche penal asimilado al de cualquier otro ciudadano\u201d.<\/p>\n<p>&nbsp;<\/p>\n<p class=\"western\">Al haber sido revocada esa agravante desde la C\u00e1mara Penal, <strong>la pena para el ex fiscal qued\u00f3 reducida a esos ya mencionados dos a\u00f1os de prisi\u00f3n<\/strong>.\u00a0Una sanci\u00f3n que deber\u00e1 cumplir bajo la modalidad de ejecuci\u00f3n condicional, teniendo en cuenta que no registraba antecedentes penales computables hasta que fuera hallado autor de este caso\u00a0de abuso sexual.<\/p>\n<p>&nbsp;<\/p>\n<p class=\"western\">Fuente: <em>Diario El Tiempo<\/em><\/p>\n","protected":false},"excerpt":{"rendered":"<p>En segunda instancia se confirm\u00f3 parcialmente la sentencia de diciembre pasado. La condena se redujo a dos a\u00f1os de prisi\u00f3n<\/p>\n","protected":false},"author":4,"featured_media":1882,"comment_status":"closed","ping_status":"closed","sticky":false,"template":"","format":"standard","meta":{"_jetpack_memberships_contains_paid_content":false,"footnotes":""},"categories":[14,1],"tags":[],"class_list":["post-17330","post","type-post","status-publish","format-standard","has-post-thumbnail","hentry","category-policiales","category-portada"],"jetpack_featured_media_url":"https:\/\/i0.wp.com\/cdnoticias.com\/wp-content\/uploads\/2020\/09\/WhatsApp-Image-2020-08-31-at-16.11.41-4-e1629489039378.jpeg?fit=1078%2C640&ssl=1","jetpack_sharing_enabled":true,"_links":{"self":[{"href":"https:\/\/cdnoticias.com\/index.php\/wp-json\/wp\/v2\/posts\/17330","targetHints":{"allow":["GET"]}}],"collection":[{"href":"https:\/\/cdnoticias.com\/index.php\/wp-json\/wp\/v2\/posts"}],"about":[{"href":"https:\/\/cdnoticias.com\/index.php\/wp-json\/wp\/v2\/types\/post"}],"author":[{"embeddable":true,"href":"https:\/\/cdnoticias.com\/index.php\/wp-json\/wp\/v2\/users\/4"}],"replies":[{"embeddable":true,"href":"https:\/\/cdnoticias.com\/index.php\/wp-json\/wp\/v2\/comments?post=17330"}],"version-history":[{"count":0,"href":"https:\/\/cdnoticias.com\/index.php\/wp-json\/wp\/v2\/posts\/17330\/revisions"}],"wp:featuredmedia":[{"embeddable":true,"href":"https:\/\/cdnoticias.com\/index.php\/wp-json\/wp\/v2\/media\/1882"}],"wp:attachment":[{"href":"https:\/\/cdnoticias.com\/index.php\/wp-json\/wp\/v2\/media?parent=17330"}],"wp:term":[{"taxonomy":"category","embeddable":true,"href":"https:\/\/cdnoticias.com\/index.php\/wp-json\/wp\/v2\/categories?post=17330"},{"taxonomy":"post_tag","embeddable":true,"href":"https:\/\/cdnoticias.com\/index.php\/wp-json\/wp\/v2\/tags?post=17330"}],"curies":[{"name":"wp","href":"https:\/\/api.w.org\/{rel}","templated":true}]}}