{"id":173285,"date":"2025-06-04T20:56:15","date_gmt":"2025-06-04T23:56:15","guid":{"rendered":"https:\/\/cdnoticias.com\/?p=173285"},"modified":"2025-06-05T09:42:22","modified_gmt":"2025-06-05T12:42:22","slug":"con-participacion-de-wesner-y-funcionarios-se-realizo-el-barrio-por-barrio-en-el-barrio-hipolito-yrigoyen","status":"publish","type":"post","link":"https:\/\/cdnoticias.com\/index.php\/2025\/06\/04\/con-participacion-de-wesner-y-funcionarios-se-realizo-el-barrio-por-barrio-en-el-barrio-hipolito-yrigoyen\/","title":{"rendered":"Con participaci\u00f3n de Wesner y funcionarios, se realiz\u00f3 el \u201cBarrio por Barrio\u201d en el barrio Hip\u00f3lito Yrigoyen"},"content":{"rendered":"\n<p>Fue este mi\u00e9rcoles. La propuesta municipal despleg\u00f3 m\u00faltiples servicios en el Servicio Territorial N\u00b04 y alcanz\u00f3 a vecinos y vecinas con atenci\u00f3n directa y tareas en la v\u00eda p\u00fablica.<\/p>\n\n\n\n<hr class=\"wp-block-separator aligncenter has-alpha-channel-opacity\"\/>\n\n\n\n<p>Una nueva edici\u00f3n del <strong>programa municipal \u201cBarrio por Barrio\u201d tuvo lugar en la ma\u00f1ana de este mi\u00e9rcoles, con epicentro en el Servicio Territorial Municipal N\u00b04, ubicado en Rufino Fal y Berutti, en el barrio Hip\u00f3lito Yrigoyen.<\/strong><\/p>\n\n\n\n<p>Desde las 09:00 horas, distintas \u00e1reas del gobierno local brindaron atenci\u00f3n a la comunidad mediante la instalaci\u00f3n de <strong>stands informativos y operativos, que incluyeron vacunaci\u00f3n antigripal, controles de salud, asesoramiento en defensa del consumidor, regularizaci\u00f3n dominial y vacunaci\u00f3n antirr\u00e1bica para perros y gatos, a cargo del \u00e1rea de Bromatolog\u00eda.<\/strong><\/p>\n\n\n\n<figure class=\"wp-block-image size-large\"><img data-recalc-dims=\"1\" loading=\"lazy\" decoding=\"async\" width=\"800\" height=\"600\" src=\"https:\/\/i0.wp.com\/cdnoticias.com\/wp-content\/uploads\/2025\/06\/BxB-H-Yrigoyen-3-scaled-1.jpeg?resize=800%2C600&#038;ssl=1\" alt=\"\" class=\"wp-image-173289\" srcset=\"https:\/\/i0.wp.com\/cdnoticias.com\/wp-content\/uploads\/2025\/06\/BxB-H-Yrigoyen-3-scaled-1.jpeg?resize=1024%2C768&amp;ssl=1 1024w, https:\/\/i0.wp.com\/cdnoticias.com\/wp-content\/uploads\/2025\/06\/BxB-H-Yrigoyen-3-scaled-1.jpeg?resize=300%2C225&amp;ssl=1 300w, https:\/\/i0.wp.com\/cdnoticias.com\/wp-content\/uploads\/2025\/06\/BxB-H-Yrigoyen-3-scaled-1.jpeg?resize=768%2C576&amp;ssl=1 768w, https:\/\/i0.wp.com\/cdnoticias.com\/wp-content\/uploads\/2025\/06\/BxB-H-Yrigoyen-3-scaled-1.jpeg?resize=1536%2C1152&amp;ssl=1 1536w, https:\/\/i0.wp.com\/cdnoticias.com\/wp-content\/uploads\/2025\/06\/BxB-H-Yrigoyen-3-scaled-1.jpeg?resize=2048%2C1536&amp;ssl=1 2048w, https:\/\/i0.wp.com\/cdnoticias.com\/wp-content\/uploads\/2025\/06\/BxB-H-Yrigoyen-3-scaled-1.jpeg?w=1600&amp;ssl=1 1600w, https:\/\/i0.wp.com\/cdnoticias.com\/wp-content\/uploads\/2025\/06\/BxB-H-Yrigoyen-3-scaled-1.jpeg?w=2400&amp;ssl=1 2400w\" sizes=\"auto, (max-width: 800px) 100vw, 800px\" \/><\/figure>\n\n\n\n<p><strong>El intendente Maximiliano Wesner y la jefa de Gabinete Mercedes Land\u00edvar <\/strong>participaron de la jornada, recorrieron los puestos y mantuvieron di\u00e1logo con vecinos y comerciantes del sector.<\/p>\n\n\n\n<p>Una de las novedades fue la<strong> incorporaci\u00f3n de asesoramiento para la validaci\u00f3n de identidad en la aplicaci\u00f3n \u201cMi Argentina\u201d,<\/strong> adem\u00e1s de asistencia para resolver problemas de acceso o creaci\u00f3n de nuevos perfiles en la plataforma.<\/p>\n\n\n\n<p>En paralelo, se llev\u00f3 adelante el <strong>habitual operativo puerta a puerta, con el objetivo de relevar inquietudes, brindar informaci\u00f3n y canalizar consultas hacia las distintas \u00e1reas del Municipio.<\/strong><\/p>\n\n\n\n<figure class=\"wp-block-image size-large\"><img data-recalc-dims=\"1\" loading=\"lazy\" decoding=\"async\" width=\"800\" height=\"600\" src=\"https:\/\/i0.wp.com\/cdnoticias.com\/wp-content\/uploads\/2025\/06\/BxB-H-Yrigoyen-6-scaled-1.jpeg?resize=800%2C600&#038;ssl=1\" alt=\"\" class=\"wp-image-173287\" srcset=\"https:\/\/i0.wp.com\/cdnoticias.com\/wp-content\/uploads\/2025\/06\/BxB-H-Yrigoyen-6-scaled-1.jpeg?resize=1024%2C768&amp;ssl=1 1024w, https:\/\/i0.wp.com\/cdnoticias.com\/wp-content\/uploads\/2025\/06\/BxB-H-Yrigoyen-6-scaled-1.jpeg?resize=300%2C225&amp;ssl=1 300w, https:\/\/i0.wp.com\/cdnoticias.com\/wp-content\/uploads\/2025\/06\/BxB-H-Yrigoyen-6-scaled-1.jpeg?resize=768%2C576&amp;ssl=1 768w, https:\/\/i0.wp.com\/cdnoticias.com\/wp-content\/uploads\/2025\/06\/BxB-H-Yrigoyen-6-scaled-1.jpeg?resize=1536%2C1152&amp;ssl=1 1536w, https:\/\/i0.wp.com\/cdnoticias.com\/wp-content\/uploads\/2025\/06\/BxB-H-Yrigoyen-6-scaled-1.jpeg?resize=2048%2C1536&amp;ssl=1 2048w, https:\/\/i0.wp.com\/cdnoticias.com\/wp-content\/uploads\/2025\/06\/BxB-H-Yrigoyen-6-scaled-1.jpeg?w=1600&amp;ssl=1 1600w, https:\/\/i0.wp.com\/cdnoticias.com\/wp-content\/uploads\/2025\/06\/BxB-H-Yrigoyen-6-scaled-1.jpeg?w=2400&amp;ssl=1 2400w\" sizes=\"auto, (max-width: 800px) 100vw, 800px\" \/><\/figure>\n\n\n\n<p>Asimismo, en coordinaci\u00f3n con Coopelectric y Transportes Malvinas,<strong> se ejecutaron tareas de limpieza y mantenimiento urbano en la zona delimitada por las avenidas Pringles, Sarmiento, Urquiza, Trabajadores, Pellegrini y Col\u00f3n.<\/strong><\/p>\n\n\n\n<figure class=\"wp-block-image size-large\"><img data-recalc-dims=\"1\" loading=\"lazy\" decoding=\"async\" width=\"800\" height=\"600\" src=\"https:\/\/i0.wp.com\/cdnoticias.com\/wp-content\/uploads\/2025\/06\/BxB-H-Yrigoyen-8-scaled-1.jpeg?resize=800%2C600&#038;ssl=1\" alt=\"\" class=\"wp-image-173286\" srcset=\"https:\/\/i0.wp.com\/cdnoticias.com\/wp-content\/uploads\/2025\/06\/BxB-H-Yrigoyen-8-scaled-1.jpeg?resize=1024%2C768&amp;ssl=1 1024w, https:\/\/i0.wp.com\/cdnoticias.com\/wp-content\/uploads\/2025\/06\/BxB-H-Yrigoyen-8-scaled-1.jpeg?resize=300%2C225&amp;ssl=1 300w, https:\/\/i0.wp.com\/cdnoticias.com\/wp-content\/uploads\/2025\/06\/BxB-H-Yrigoyen-8-scaled-1.jpeg?resize=768%2C576&amp;ssl=1 768w, https:\/\/i0.wp.com\/cdnoticias.com\/wp-content\/uploads\/2025\/06\/BxB-H-Yrigoyen-8-scaled-1.jpeg?resize=1536%2C1152&amp;ssl=1 1536w, https:\/\/i0.wp.com\/cdnoticias.com\/wp-content\/uploads\/2025\/06\/BxB-H-Yrigoyen-8-scaled-1.jpeg?resize=2048%2C1536&amp;ssl=1 2048w, https:\/\/i0.wp.com\/cdnoticias.com\/wp-content\/uploads\/2025\/06\/BxB-H-Yrigoyen-8-scaled-1.jpeg?w=1600&amp;ssl=1 1600w, https:\/\/i0.wp.com\/cdnoticias.com\/wp-content\/uploads\/2025\/06\/BxB-H-Yrigoyen-8-scaled-1.jpeg?w=2400&amp;ssl=1 2400w\" sizes=\"auto, (max-width: 800px) 100vw, 800px\" \/><\/figure>\n\n\n\n<p>Estas jornadas se enmarcan en una estrategia de abordaje territorial integral que convoca la participaci\u00f3n de funcionarios municipales y equipos de <strong>Salud, Educaci\u00f3n, Protecci\u00f3n Ciudadana, Obras P\u00fablicas, Desarrollo de la Comunidad, Defensa del Consumidor, Asuntos Legales y otras \u00e1reas.<\/strong><\/p>\n","protected":false},"excerpt":{"rendered":"<p>Fue este mi\u00e9rcoles. La propuesta municipal despleg\u00f3 m\u00faltiples servicios en el Servicio Territorial N\u00b04 y alcanz\u00f3 a vecinos y vecinas<\/p>\n","protected":false},"author":2,"featured_media":173288,"comment_status":"closed","ping_status":"closed","sticky":false,"template":"","format":"standard","meta":{"_jetpack_memberships_contains_paid_content":false,"footnotes":""},"categories":[5],"tags":[],"class_list":["post-173285","post","type-post","status-publish","format-standard","has-post-thumbnail","hentry","category-informacion-general"],"jetpack_featured_media_url":"https:\/\/i0.wp.com\/cdnoticias.com\/wp-content\/uploads\/2025\/06\/BxB-H-Yrigoyen-4-scaled-1.jpeg?fit=2560%2C1920&ssl=1","jetpack_sharing_enabled":true,"_links":{"self":[{"href":"https:\/\/cdnoticias.com\/index.php\/wp-json\/wp\/v2\/posts\/173285","targetHints":{"allow":["GET"]}}],"collection":[{"href":"https:\/\/cdnoticias.com\/index.php\/wp-json\/wp\/v2\/posts"}],"about":[{"href":"https:\/\/cdnoticias.com\/index.php\/wp-json\/wp\/v2\/types\/post"}],"author":[{"embeddable":true,"href":"https:\/\/cdnoticias.com\/index.php\/wp-json\/wp\/v2\/users\/2"}],"replies":[{"embeddable":true,"href":"https:\/\/cdnoticias.com\/index.php\/wp-json\/wp\/v2\/comments?post=173285"}],"version-history":[{"count":0,"href":"https:\/\/cdnoticias.com\/index.php\/wp-json\/wp\/v2\/posts\/173285\/revisions"}],"wp:featuredmedia":[{"embeddable":true,"href":"https:\/\/cdnoticias.com\/index.php\/wp-json\/wp\/v2\/media\/173288"}],"wp:attachment":[{"href":"https:\/\/cdnoticias.com\/index.php\/wp-json\/wp\/v2\/media?parent=173285"}],"wp:term":[{"taxonomy":"category","embeddable":true,"href":"https:\/\/cdnoticias.com\/index.php\/wp-json\/wp\/v2\/categories?post=173285"},{"taxonomy":"post_tag","embeddable":true,"href":"https:\/\/cdnoticias.com\/index.php\/wp-json\/wp\/v2\/tags?post=173285"}],"curies":[{"name":"wp","href":"https:\/\/api.w.org\/{rel}","templated":true}]}}