{"id":173241,"date":"2025-06-04T18:30:46","date_gmt":"2025-06-04T21:30:46","guid":{"rendered":"https:\/\/cdnoticias.com\/?p=173241"},"modified":"2025-06-04T18:30:48","modified_gmt":"2025-06-04T21:30:48","slug":"garrahan-hay-dictamen-para-declarar-la-emergencia-en-el-hospital-pediatrico","status":"publish","type":"post","link":"https:\/\/cdnoticias.com\/index.php\/2025\/06\/04\/garrahan-hay-dictamen-para-declarar-la-emergencia-en-el-hospital-pediatrico\/","title":{"rendered":"Garrahan: hay dictamen para declarar la emergencia en el hospital pedi\u00e1trico"},"content":{"rendered":"\n<p>La Comisi\u00f3n de Acci\u00f3n Social y Salud P\u00fablica de Diputados respald\u00f3 seis dict\u00e1menes de los cuales dos corresponden a proyectos de ley y otros cuatro de resoluci\u00f3n, que contemplan diferentes propuestas adem\u00e1s de declarar la emergencia en el Hospital Garrahan.<\/p>\n\n\n\n<hr class=\"wp-block-separator aligncenter has-alpha-channel-opacity\"\/>\n\n\n\n<p>La <strong>Comisi\u00f3n de Acci\u00f3n Social y Salud P\u00fablica de la C\u00e1mara de Diputados<\/strong> emiti\u00f3 hoy <strong>dict\u00e1menes a favor de declarar la emergencia por dos a\u00f1os en el Hospital Garrahan, <\/strong>en medio de las medidas de fuerza que viene realizando el colectivo de m\u00e9dicos residentes del centro de salud en reclamo por<strong> salarios dignos y mejores condiciones laborales.<\/strong><\/p>\n\n\n\n<p><\/p>\n\n\n\n<p>El organismo parlamentario, que preside Pablo Yedlin (UP), respald\u00f3 seis dict\u00e1menes de los cuales dos corresponden a proyectos de ley y otros cuatro de resoluci\u00f3n, que contemplan diferentes propuestas adem\u00e1s de<strong> declarar la emergencia en el Hospital Garrahan.<\/strong><\/p>\n\n\n\n<p><\/p>\n\n\n\n<p>De todos modos para poder tratar esas iniciativas en el recinto de sesiones se requiere que lo analicen las comisiones de Familia y de Presupuesto y Hacienda, por lo cual los bloques de la oposici\u00f3n impulsar\u00e1n un emplazamiento para que se convoque a esa comisiones.<\/p>\n\n\n\n<p><\/p>\n\n\n\n<p>Parte del grupo de oradores que expusieron este martes en la Comisi\u00f3n de Acci\u00f3n Social y Salud P\u00fablica de la C\u00e1mara de Diputados, la m\u00e9dica Gabriela Bauer enfatiz\u00f3 que \u201c<strong>tenemos un presidente que es una bestia cuando se refiere a los ni\u00f1os, ni\u00f1as y adolescentes\u201d.<\/strong><\/p>\n\n\n\n<p><\/p>\n\n\n\n<p>La pediatra rechaz\u00f3 las \u201cembestidas absurdas que fueron dando como respuesta de manera ca\u00f3tica, pero seguramente muy pensada, funcionarios de nuestro Gobierno\u201d sobre el conflicto salarial, y agreg\u00f3: \u201cY a\u00fan el mismo (Javier) Milei diciendo que esto es un tema delicado.<strong> Esto no es un problema delicado, es un problema grave, grave. El recorte del Estado lleg\u00f3 al hospital y el hospital es 100% Estado, y qui\u00e9nes est\u00e1n da\u00f1\u00e1ndose son ni\u00f1as, ni\u00f1os y adolescentes\u201d.<\/strong><\/p>\n\n\n\n<p><\/p>\n\n\n\n<blockquote class=\"wp-block-quote is-layout-flow wp-block-quote-is-layout-flow\">\n<p>Bauer se\u00f1al\u00f3 que a ra\u00edz esta situaci\u00f3n, \u201cha disminuido la atenci\u00f3n por guardia estos d\u00edas, se han tenido que suspender cirug\u00edas, se han diferido tratamientos, y todo eso se llama da\u00f1o\u201d.<\/p>\n<\/blockquote>\n\n\n\n<p><\/p>\n\n\n\n<p>La m\u00e9dica record\u00f3 que <strong>el Garrahan \u201ces el hospital m\u00e1s grande del pa\u00eds\u201d,<\/strong> con un <strong>presupuesto anual de 200 mil millones de pesos. <\/strong>\u201c<em>Es un hospital de los chicos; esperemos poder defenderlo bien porque se trata de los chicos y la Constituci\u00f3n nos dice que nos ocupemos de eso\u201d<\/em>, expres\u00f3.<\/p>\n\n\n\n<p><\/p>\n\n\n\n<p>En esa l\u00ednea, continu\u00f3: \u201cAhora bien, \u00bfQu\u00e9 est\u00e1 pasando con los chicos? Tenemos un presidente que es una bestia cuando se refiere a los ni\u00f1os, ni\u00f1as y adolescentes. Es una bestia como habl\u00f3 en campa\u00f1a y se refiri\u00f3, indirectamente, porque nunca los mira a la cara. No sabe decir chicos, no sabe ni decir ni\u00f1o, ni\u00f1a o adolescente. Sabe decir perros o envaselinados\u201d, cuestion\u00f3 a Milei y complet\u00f3: \u201cY se da el tup\u00e9 en el medio de este conflicto de insultar a un ni\u00f1o por Twitter. \u00bfQu\u00e9 nos pasa? \u00bfQu\u00e9 no hicimos bien?\u201d.  Esto \u00faltimo fue en referencia a Ian Moche, un ni\u00f1o con autismo que fue v\u00edctima de un duro resposteo de Milei en su cuenta de X.<\/p>\n\n\n\n<p><\/p>\n\n\n\n<p><em>Fuente: DIB\u00a0<\/em><\/p>\n\n\n\n<p><\/p>\n","protected":false},"excerpt":{"rendered":"<p>La Comisi\u00f3n de Acci\u00f3n Social y Salud P\u00fablica de Diputados respald\u00f3 seis dict\u00e1menes de los cuales dos corresponden a proyectos<\/p>\n","protected":false},"author":6,"featured_media":173242,"comment_status":"closed","ping_status":"closed","sticky":false,"template":"","format":"standard","meta":{"_jetpack_memberships_contains_paid_content":false,"footnotes":""},"categories":[6,1],"tags":[],"class_list":["post-173241","post","type-post","status-publish","format-standard","has-post-thumbnail","hentry","category-nacionales","category-portada"],"jetpack_featured_media_url":"https:\/\/i0.wp.com\/cdnoticias.com\/wp-content\/uploads\/2025\/06\/emergencia-garrhan.webp?fit=696%2C392&ssl=1","jetpack_sharing_enabled":true,"_links":{"self":[{"href":"https:\/\/cdnoticias.com\/index.php\/wp-json\/wp\/v2\/posts\/173241","targetHints":{"allow":["GET"]}}],"collection":[{"href":"https:\/\/cdnoticias.com\/index.php\/wp-json\/wp\/v2\/posts"}],"about":[{"href":"https:\/\/cdnoticias.com\/index.php\/wp-json\/wp\/v2\/types\/post"}],"author":[{"embeddable":true,"href":"https:\/\/cdnoticias.com\/index.php\/wp-json\/wp\/v2\/users\/6"}],"replies":[{"embeddable":true,"href":"https:\/\/cdnoticias.com\/index.php\/wp-json\/wp\/v2\/comments?post=173241"}],"version-history":[{"count":0,"href":"https:\/\/cdnoticias.com\/index.php\/wp-json\/wp\/v2\/posts\/173241\/revisions"}],"wp:featuredmedia":[{"embeddable":true,"href":"https:\/\/cdnoticias.com\/index.php\/wp-json\/wp\/v2\/media\/173242"}],"wp:attachment":[{"href":"https:\/\/cdnoticias.com\/index.php\/wp-json\/wp\/v2\/media?parent=173241"}],"wp:term":[{"taxonomy":"category","embeddable":true,"href":"https:\/\/cdnoticias.com\/index.php\/wp-json\/wp\/v2\/categories?post=173241"},{"taxonomy":"post_tag","embeddable":true,"href":"https:\/\/cdnoticias.com\/index.php\/wp-json\/wp\/v2\/tags?post=173241"}],"curies":[{"name":"wp","href":"https:\/\/api.w.org\/{rel}","templated":true}]}}