{"id":17324,"date":"2021-03-27T20:13:57","date_gmt":"2021-03-27T23:13:57","guid":{"rendered":"http:\/\/www.centraldenoticias.com.ar\/?p=17324"},"modified":"2021-03-27T20:26:03","modified_gmt":"2021-03-27T23:26:03","slug":"rompio-un-parabrisas-a-golpes-y-termino-aprehendido","status":"publish","type":"post","link":"https:\/\/cdnoticias.com\/index.php\/2021\/03\/27\/rompio-un-parabrisas-a-golpes-y-termino-aprehendido\/","title":{"rendered":"Rompi\u00f3 un parabrisas a golpes y termin\u00f3 aprehendido"},"content":{"rendered":"<p>El hecho se produjo este s\u00e1bado en San Vicente. Con un elemento \u201cde punta met\u00e1lica\u201d caus\u00f3 da\u00f1os en un veh\u00edculo.\u00a0<!--more--><\/p>\n<hr \/>\n<p>Este s\u00e1bado, personal de Comando de Patrullas y Comisar\u00eda Primera <strong>aprehendieron a un joven de 26 a\u00f1os tras romper un parabrisas de un auto a golpes.<\/strong><\/p>\n<p>&nbsp;<\/p>\n<p>El hecho se produjo en Pueyrred\u00f3n al 3100, barrio San Vicente, <strong>cuando por un conflicto el joven \u201ccon un elemento de punta met\u00e1lica\u201d provoc\u00f3 da\u00f1os en el parabrisas de un veh\u00edculo.<\/strong><\/p>\n<p>&nbsp;<\/p>\n<blockquote><p>Tras ser alertados, los efectivos corroboraron el hecho y apresaron al joven, que se encuentra alojado en la Comisar\u00eda Primera.<\/p><\/blockquote>\n<p>&nbsp;<\/p>\n<p>La causa fue caratulada como \u201cda\u00f1o\u201d e intervino el fiscal Christian Url\u00e9zaga, a cargo de la UFI N.\u00ba 7.<\/p>\n","protected":false},"excerpt":{"rendered":"<p>El hecho se produjo este s\u00e1bado en San Vicente. Con un elemento \u201cde punta met\u00e1lica\u201d caus\u00f3 da\u00f1os en un veh\u00edculo.\u00a0<\/p>\n","protected":false},"author":2,"featured_media":17325,"comment_status":"closed","ping_status":"closed","sticky":false,"template":"","format":"standard","meta":{"_jetpack_memberships_contains_paid_content":false,"footnotes":""},"categories":[14,1],"tags":[],"class_list":["post-17324","post","type-post","status-publish","format-standard","has-post-thumbnail","hentry","category-policiales","category-portada"],"jetpack_featured_media_url":"https:\/\/i0.wp.com\/cdnoticias.com\/wp-content\/uploads\/2021\/03\/WhatsApp-Image-2021-03-27-at-19.20.12.jpeg?fit=774%2C517&ssl=1","jetpack_sharing_enabled":true,"_links":{"self":[{"href":"https:\/\/cdnoticias.com\/index.php\/wp-json\/wp\/v2\/posts\/17324","targetHints":{"allow":["GET"]}}],"collection":[{"href":"https:\/\/cdnoticias.com\/index.php\/wp-json\/wp\/v2\/posts"}],"about":[{"href":"https:\/\/cdnoticias.com\/index.php\/wp-json\/wp\/v2\/types\/post"}],"author":[{"embeddable":true,"href":"https:\/\/cdnoticias.com\/index.php\/wp-json\/wp\/v2\/users\/2"}],"replies":[{"embeddable":true,"href":"https:\/\/cdnoticias.com\/index.php\/wp-json\/wp\/v2\/comments?post=17324"}],"version-history":[{"count":0,"href":"https:\/\/cdnoticias.com\/index.php\/wp-json\/wp\/v2\/posts\/17324\/revisions"}],"wp:featuredmedia":[{"embeddable":true,"href":"https:\/\/cdnoticias.com\/index.php\/wp-json\/wp\/v2\/media\/17325"}],"wp:attachment":[{"href":"https:\/\/cdnoticias.com\/index.php\/wp-json\/wp\/v2\/media?parent=17324"}],"wp:term":[{"taxonomy":"category","embeddable":true,"href":"https:\/\/cdnoticias.com\/index.php\/wp-json\/wp\/v2\/categories?post=17324"},{"taxonomy":"post_tag","embeddable":true,"href":"https:\/\/cdnoticias.com\/index.php\/wp-json\/wp\/v2\/tags?post=17324"}],"curies":[{"name":"wp","href":"https:\/\/api.w.org\/{rel}","templated":true}]}}