{"id":173237,"date":"2025-06-04T19:59:18","date_gmt":"2025-06-04T22:59:18","guid":{"rendered":"https:\/\/cdnoticias.com\/?p=173237"},"modified":"2025-06-04T20:56:33","modified_gmt":"2025-06-04T23:56:33","slug":"este-jueves-licencias-de-conducir-estara-en-loma-negra","status":"publish","type":"post","link":"https:\/\/cdnoticias.com\/index.php\/2025\/06\/04\/este-jueves-licencias-de-conducir-estara-en-loma-negra\/","title":{"rendered":"Este jueves, Licencias de Conducir estar\u00e1 en Loma Negra"},"content":{"rendered":"\n<p>Este operativo permite acercar a la comunidad del Partido de Olavarr\u00eda la posibilidad de realizar diversas gestiones en las cercan\u00edas de su domicilio. La modalidad de atenci\u00f3n ser\u00e1 por orden de llegada (sin turno previo).<\/p>\n\n\n\n<hr class=\"wp-block-separator aligncenter has-alpha-channel-opacity\"\/>\n\n\n\n<p>La<strong> Direcci\u00f3n de Licencias de Conducir <\/strong>contin\u00faa con su operativo de atenci\u00f3n descentralizada.\u00a0Este<strong> jueves 5 de junio<\/strong> dispondr\u00e1 su espacio de atenci\u00f3n en la <strong>localidad de Loma Negra;<\/strong> en la sede de la <strong>Delegaci\u00f3n Municipal, en el horario de 08:30 a 13:00 horas.<\/strong><\/p>\n\n\n\n<p><\/p>\n\n\n\n<blockquote class=\"wp-block-quote is-layout-flow wp-block-quote-is-layout-flow\">\n<p>Este operativo permite acercar a la comunidad del Partido de Olavarr\u00eda la posibilidad de realizar diversas gestiones en las cercan\u00edas de su domicilio. La modalidad de atenci\u00f3n ser\u00e1 por orden de llegada (sin turno previo).<\/p>\n<\/blockquote>\n\n\n\n<p><\/p>\n\n\n\n<p>Cabe aclarar que aquellas personas que se acerquen podr\u00e1n <strong>realizar los tr\u00e1mites de obtenci\u00f3n de la Licencia de Conducir, <\/strong>ya sea por primera vez o renovaci\u00f3n, como as\u00ed tambi\u00e9n la posibilidad de evacuar cualquier tipo de consulta.<\/p>\n\n\n\n<p><\/p>\n\n\n\n<p>Una vez culminado el tr\u00e1mite, <strong>la licencia podr\u00e1 ser retirada posteriormente en la Delegaci\u00f3n<\/strong> correspondiente a partir del trabajo articulado entre las delegaciones municipales y la Direcci\u00f3n de Licencias de Conducir.<\/p>\n","protected":false},"excerpt":{"rendered":"<p>Este operativo permite acercar a la comunidad del Partido de Olavarr\u00eda la posibilidad de realizar diversas gestiones en las cercan\u00edas<\/p>\n","protected":false},"author":6,"featured_media":168171,"comment_status":"closed","ping_status":"closed","sticky":false,"template":"","format":"standard","meta":{"_jetpack_memberships_contains_paid_content":false,"footnotes":""},"categories":[5,1],"tags":[],"class_list":["post-173237","post","type-post","status-publish","format-standard","has-post-thumbnail","hentry","category-informacion-general","category-portada"],"jetpack_featured_media_url":"https:\/\/i0.wp.com\/cdnoticias.com\/wp-content\/uploads\/2025\/04\/licencias-de-conducir-hinojo.jpg?fit=900%2C590&ssl=1","jetpack_sharing_enabled":true,"_links":{"self":[{"href":"https:\/\/cdnoticias.com\/index.php\/wp-json\/wp\/v2\/posts\/173237","targetHints":{"allow":["GET"]}}],"collection":[{"href":"https:\/\/cdnoticias.com\/index.php\/wp-json\/wp\/v2\/posts"}],"about":[{"href":"https:\/\/cdnoticias.com\/index.php\/wp-json\/wp\/v2\/types\/post"}],"author":[{"embeddable":true,"href":"https:\/\/cdnoticias.com\/index.php\/wp-json\/wp\/v2\/users\/6"}],"replies":[{"embeddable":true,"href":"https:\/\/cdnoticias.com\/index.php\/wp-json\/wp\/v2\/comments?post=173237"}],"version-history":[{"count":0,"href":"https:\/\/cdnoticias.com\/index.php\/wp-json\/wp\/v2\/posts\/173237\/revisions"}],"wp:featuredmedia":[{"embeddable":true,"href":"https:\/\/cdnoticias.com\/index.php\/wp-json\/wp\/v2\/media\/168171"}],"wp:attachment":[{"href":"https:\/\/cdnoticias.com\/index.php\/wp-json\/wp\/v2\/media?parent=173237"}],"wp:term":[{"taxonomy":"category","embeddable":true,"href":"https:\/\/cdnoticias.com\/index.php\/wp-json\/wp\/v2\/categories?post=173237"},{"taxonomy":"post_tag","embeddable":true,"href":"https:\/\/cdnoticias.com\/index.php\/wp-json\/wp\/v2\/tags?post=173237"}],"curies":[{"name":"wp","href":"https:\/\/api.w.org\/{rel}","templated":true}]}}