{"id":173234,"date":"2025-06-04T19:50:59","date_gmt":"2025-06-04T22:50:59","guid":{"rendered":"https:\/\/cdnoticias.com\/?p=173234"},"modified":"2025-06-04T19:51:00","modified_gmt":"2025-06-04T22:51:00","slug":"taller-municipal-de-folklore-en-colonia-san-miguel","status":"publish","type":"post","link":"https:\/\/cdnoticias.com\/index.php\/2025\/06\/04\/taller-municipal-de-folklore-en-colonia-san-miguel\/","title":{"rendered":"Taller Municipal de Folklore en Colonia San Miguel"},"content":{"rendered":"\n<p>Las clases comenzar\u00e1n este jueves 5 de junio en la Sociedad de Fomento de la localidad.&nbsp;<\/p>\n\n\n\n<hr class=\"wp-block-separator aligncenter has-alpha-channel-opacity\"\/>\n\n\n\n<p>Desde la Subsecretar\u00eda de Cultura y Educaci\u00f3n, a trav\u00e9s de la<strong> Escuela Municipal de Danzas<\/strong>, se inform\u00f3 que esta semana <strong>se iniciar\u00e1n las clases de folklore en la localidad de Colonia San Miguel.<\/strong><\/p>\n\n\n\n<p><\/p>\n\n\n\n<blockquote class=\"wp-block-quote is-layout-flow wp-block-quote-is-layout-flow\">\n<p>Las clases estar\u00e1n a cargo del docente y bailar\u00edn Lucas Serantes, y se brindar\u00e1n los jueves de 18:00 a 19:30 horas para ni\u00f1os y ni\u00f1as (a partir de los 6 a\u00f1os) y los jueves de 19:30 a 21:00 horas para adultos.<\/p>\n<\/blockquote>\n\n\n\n<p><\/p>\n\n\n\n<p>Cabe aclarar que <strong>el taller se iniciar\u00e1 este jueves 5 de junio <\/strong>y tendr\u00e1 lugar en la <strong>Sociedad de Fomento de la localidad, <\/strong>ubicada en San Miguel de Arc\u00e1ngel 1194.<\/p>\n\n\n\n<p><\/p>\n\n\n\n<p>Aquellas personas interesadas en participar de las clases, pueden inscribirse en d\u00eda y horario del taller.<\/p>\n\n\n\n<p><\/p>\n","protected":false},"excerpt":{"rendered":"<p>Las clases comenzar\u00e1n este jueves 5 de junio en la Sociedad de Fomento de la localidad.&nbsp; Desde la Subsecretar\u00eda de<\/p>\n","protected":false},"author":6,"featured_media":173235,"comment_status":"closed","ping_status":"closed","sticky":false,"template":"","format":"standard","meta":{"_jetpack_memberships_contains_paid_content":false,"footnotes":""},"categories":[9,1],"tags":[],"class_list":["post-173234","post","type-post","status-publish","format-standard","has-post-thumbnail","hentry","category-cultura","category-portada"],"jetpack_featured_media_url":"https:\/\/i0.wp.com\/cdnoticias.com\/wp-content\/uploads\/2025\/06\/folclorebaile.jpg?fit=800%2C533&ssl=1","jetpack_sharing_enabled":true,"_links":{"self":[{"href":"https:\/\/cdnoticias.com\/index.php\/wp-json\/wp\/v2\/posts\/173234","targetHints":{"allow":["GET"]}}],"collection":[{"href":"https:\/\/cdnoticias.com\/index.php\/wp-json\/wp\/v2\/posts"}],"about":[{"href":"https:\/\/cdnoticias.com\/index.php\/wp-json\/wp\/v2\/types\/post"}],"author":[{"embeddable":true,"href":"https:\/\/cdnoticias.com\/index.php\/wp-json\/wp\/v2\/users\/6"}],"replies":[{"embeddable":true,"href":"https:\/\/cdnoticias.com\/index.php\/wp-json\/wp\/v2\/comments?post=173234"}],"version-history":[{"count":0,"href":"https:\/\/cdnoticias.com\/index.php\/wp-json\/wp\/v2\/posts\/173234\/revisions"}],"wp:featuredmedia":[{"embeddable":true,"href":"https:\/\/cdnoticias.com\/index.php\/wp-json\/wp\/v2\/media\/173235"}],"wp:attachment":[{"href":"https:\/\/cdnoticias.com\/index.php\/wp-json\/wp\/v2\/media?parent=173234"}],"wp:term":[{"taxonomy":"category","embeddable":true,"href":"https:\/\/cdnoticias.com\/index.php\/wp-json\/wp\/v2\/categories?post=173234"},{"taxonomy":"post_tag","embeddable":true,"href":"https:\/\/cdnoticias.com\/index.php\/wp-json\/wp\/v2\/tags?post=173234"}],"curies":[{"name":"wp","href":"https:\/\/api.w.org\/{rel}","templated":true}]}}