{"id":17319,"date":"2021-03-27T19:41:50","date_gmt":"2021-03-27T22:41:50","guid":{"rendered":"http:\/\/www.centraldenoticias.com.ar\/?p=17319"},"modified":"2021-03-27T19:41:50","modified_gmt":"2021-03-27T22:41:50","slug":"por-la-gran-cantidad-de-inscriptos-patricia-bullrich-estara-en-la-sociedad-rural","status":"publish","type":"post","link":"https:\/\/cdnoticias.com\/index.php\/2021\/03\/27\/por-la-gran-cantidad-de-inscriptos-patricia-bullrich-estara-en-la-sociedad-rural\/","title":{"rendered":"Por la \u201cgran cantidad de inscriptos\u201d Patricia Bullrich estar\u00e1 en la Sociedad Rural"},"content":{"rendered":"<p>El evento presentaci\u00f3n de su libro finalmente se realizar\u00e1 en el \u201cPabell\u00f3n Igui\u00f1iz\u201d en reemplazo de la Casa del Deporte. Confirmaron la presencia del Intendente Galli en el evento.\u00a0<!--more--><\/p>\n<hr \/>\n<p>Debido a la<em> \u201cgran demanda de inscriptos\u201d<\/em><strong> la presentaci\u00f3n del libro denominado \u201cGuerra sin cuartel\u201d de Patricia Bullrich se mudar\u00e1 de sede: se realizara el pr\u00f3ximo lunes 5 de abril a las 14 horas en el Pabell\u00f3n Igui\u00f1iz de la Sociedad Rural de Olavarr\u00eda. Tambi\u00e9n se confirm\u00f3 la presencia del Intendente Galli.<\/strong><\/p>\n<p>&nbsp;<\/p>\n<blockquote><p>La ex Ministra de Seguridad de la Naci\u00f3n y presidenta del PRO visitar\u00e1 nuestra ciudad en un evento que adem\u00e1s tendr\u00e1 como atractivo las definiciones de la dirigente a pocos meses de la Elecci\u00f3n Legislativa.<\/p><\/blockquote>\n<p>&nbsp;<\/p>\n<p>Desde la organizaci\u00f3n del evento indicaron que quienes quieran participar de la presentaci\u00f3n del libro deber\u00e1n inscribirse <a href=\"https:\/\/docs.google.com\/forms\/d\/e\/1FAIpQLSdNiiLrtuQIyN9fle5_fpzzA02CJQY10wAF4lkZu8LilMuRNA\/viewform\" target=\"_blank\" rel=\"noopener\">en el link.<\/a> <strong>Los cupos son limitados.<\/strong><\/p>\n<p>&nbsp;<\/p>\n<p>El libro \u201cGuerra Sin Cuartel\u201d Bullrich presenta al p\u00fablico<em> \u201clos desaf\u00edos que tuvo que enfrentar en su gesti\u00f3n al frente del Ministerio de Seguridad, y lo hace desde dos perspectivas aunadas: una, estrat\u00e9gica, asociada a la ejecuci\u00f3n de pol\u00edtica p\u00fablica propia de su funci\u00f3n; la otra, m\u00e1s personal y humana, expresada en infinidad de an\u00e9cdotas cotidianas\u201d.<\/em><\/p>\n<p>&nbsp;<\/p>\n<p><strong>El Intendente Galli se expres\u00f3 al respecto y manifest\u00f3 \u201corgullo\u201d<\/strong> que <em>\u201cPatricia haya elegido a Olavarr\u00eda para realizar la presentaci\u00f3n de su libro en el que detalla su paso por la gesti\u00f3n y pueda compartir con vecinos que valoran lo hecho en materia de seguridad de 2015 a 2019\u201d.<\/em><\/p>\n<p>&nbsp;<\/p>\n<p><em>\u201cHoy vemos que la inseguridad es uno de los grandes flagelos de nuestro pa\u00eds y debemos volver a poner el foco en esta problem\u00e1tica y estamos viendo que no s\u00f3lo no se redoblan los esfuerzos, sino que adem\u00e1s <strong>vemos que se toman decisiones ins\u00f3litas como la liberaci\u00f3n de presos que traen consecuencias nefastas para la sociedad<\/strong>\u201d<\/em>, finaliz\u00f3.<\/p>\n","protected":false},"excerpt":{"rendered":"<p>El evento presentaci\u00f3n de su libro finalmente se realizar\u00e1 en el \u201cPabell\u00f3n Igui\u00f1iz\u201d en reemplazo de la Casa del Deporte.<\/p>\n","protected":false},"author":2,"featured_media":17320,"comment_status":"closed","ping_status":"closed","sticky":false,"template":"","format":"standard","meta":{"_jetpack_memberships_contains_paid_content":false,"footnotes":""},"categories":[4,1],"tags":[],"class_list":["post-17319","post","type-post","status-publish","format-standard","has-post-thumbnail","hentry","category-politica","category-portada"],"jetpack_featured_media_url":"https:\/\/i0.wp.com\/cdnoticias.com\/wp-content\/uploads\/2021\/03\/gallibullrich.jpg?fit=761%2C629&ssl=1","jetpack_sharing_enabled":true,"_links":{"self":[{"href":"https:\/\/cdnoticias.com\/index.php\/wp-json\/wp\/v2\/posts\/17319","targetHints":{"allow":["GET"]}}],"collection":[{"href":"https:\/\/cdnoticias.com\/index.php\/wp-json\/wp\/v2\/posts"}],"about":[{"href":"https:\/\/cdnoticias.com\/index.php\/wp-json\/wp\/v2\/types\/post"}],"author":[{"embeddable":true,"href":"https:\/\/cdnoticias.com\/index.php\/wp-json\/wp\/v2\/users\/2"}],"replies":[{"embeddable":true,"href":"https:\/\/cdnoticias.com\/index.php\/wp-json\/wp\/v2\/comments?post=17319"}],"version-history":[{"count":0,"href":"https:\/\/cdnoticias.com\/index.php\/wp-json\/wp\/v2\/posts\/17319\/revisions"}],"wp:featuredmedia":[{"embeddable":true,"href":"https:\/\/cdnoticias.com\/index.php\/wp-json\/wp\/v2\/media\/17320"}],"wp:attachment":[{"href":"https:\/\/cdnoticias.com\/index.php\/wp-json\/wp\/v2\/media?parent=17319"}],"wp:term":[{"taxonomy":"category","embeddable":true,"href":"https:\/\/cdnoticias.com\/index.php\/wp-json\/wp\/v2\/categories?post=17319"},{"taxonomy":"post_tag","embeddable":true,"href":"https:\/\/cdnoticias.com\/index.php\/wp-json\/wp\/v2\/tags?post=17319"}],"curies":[{"name":"wp","href":"https:\/\/api.w.org\/{rel}","templated":true}]}}