{"id":173179,"date":"2025-06-04T17:08:16","date_gmt":"2025-06-04T20:08:16","guid":{"rendered":"https:\/\/cdnoticias.com\/?p=173179"},"modified":"2025-06-04T18:51:22","modified_gmt":"2025-06-04T21:51:22","slug":"se-inauguro-la-ampliacion-de-obras-de-la-escuela-tecnica-1-del-barrio-ceco","status":"publish","type":"post","link":"https:\/\/cdnoticias.com\/index.php\/2025\/06\/04\/se-inauguro-la-ampliacion-de-obras-de-la-escuela-tecnica-1-del-barrio-ceco\/","title":{"rendered":"Se inaugur\u00f3 la ampliaci\u00f3n de obras de la Escuela T\u00e9cnica 1 del barrio CECO"},"content":{"rendered":"\n<p>\u201cEsto estaba en total estado de abandono. De manera sincera con el equipo de gesti\u00f3n municipal, venimos a pedir perd\u00f3n en nombre del Estado, porque esta obra hace much\u00edsimo tiempo atr\u00e1s tendr\u00eda que haber estado culminada\u201d expres\u00f3 el Intendente Wesner.&nbsp;<\/p>\n\n\n\n<hr class=\"wp-block-separator aligncenter has-alpha-channel-opacity\"\/>\n\n\n\n<p>En la jornada de este mi\u00e9rcoles el <strong>intendente Maximiliano Wesner <\/strong>junto a integrantes de la comunidad educativa<strong> inauguraron las obras terminadas recientemente en la Escuela de Educaci\u00f3n T\u00e9cnica N\u00ba 1 \u201cRen\u00e9 Favaloro\u201d.\u00a0<\/strong><\/p>\n\n\n\n<p><\/p>\n\n\n\n<p>La concreci\u00f3n del proyecto surge de un trabajo conjunto entre el Municipio y el Consejo Escolar, que permiti\u00f3 definir prioridades y un abordaje acorde a cada una de las necesidades detectadas.<\/p>\n\n\n\n<p><\/p>\n\n\n\n<p>El acto inaugural cont\u00f3 con la presencia del Intendente Maximiliano Wesner, la Jefa de Gabinete Mercedes Land\u00edvar, el presidente del Consejo Escolar Ariel Rodr\u00edguez, la Jefa Distrital de Educaci\u00f3n Marta Casanella, el Secretario de Obras P\u00fablicas Orfel Fari\u00f1a y representantes del cuerpo directivo del establecimiento educativo: director, Ricardo P\u00e9rez, vicedirectores Andrea Arizaga y Roque Caldironi.<\/p>\n\n\n\n<p><\/p>\n\n\n\n<figure class=\"wp-block-image aligncenter size-full\"><img data-recalc-dims=\"1\" loading=\"lazy\" decoding=\"async\" width=\"800\" height=\"532\" src=\"https:\/\/i0.wp.com\/cdnoticias.com\/wp-content\/uploads\/2025\/06\/escuela-barrio-ceco-favaloro5-.jpg?resize=800%2C532&#038;ssl=1\" alt=\"\" class=\"wp-image-173180\" srcset=\"https:\/\/i0.wp.com\/cdnoticias.com\/wp-content\/uploads\/2025\/06\/escuela-barrio-ceco-favaloro5-.jpg?w=900&amp;ssl=1 900w, https:\/\/i0.wp.com\/cdnoticias.com\/wp-content\/uploads\/2025\/06\/escuela-barrio-ceco-favaloro5-.jpg?resize=300%2C199&amp;ssl=1 300w, https:\/\/i0.wp.com\/cdnoticias.com\/wp-content\/uploads\/2025\/06\/escuela-barrio-ceco-favaloro5-.jpg?resize=768%2C510&amp;ssl=1 768w, https:\/\/i0.wp.com\/cdnoticias.com\/wp-content\/uploads\/2025\/06\/escuela-barrio-ceco-favaloro5-.jpg?resize=272%2C182&amp;ssl=1 272w\" sizes=\"auto, (max-width: 800px) 100vw, 800px\" \/><\/figure>\n\n\n\n<p><\/p>\n\n\n\n<p>En el inicio del acto, Lara Castro, presidenta del Centro Estudiantil expres\u00f3: \u201c<em>quiero agradecer por este proyecto que est\u00e1bamos esperando hace un mont\u00f3n. Muchas gracias y ahora lo vamos a cuidar como si fuera nuestra casa, porque es un lugar en el que pasamos mucho tiempo, y que es mucho m\u00e1s c\u00f3modo, m\u00e1s amplio, m\u00e1s seguro\u201d.<\/em><\/p>\n\n\n\n<p><\/p>\n\n\n\n<figure class=\"wp-block-image aligncenter size-full\"><img data-recalc-dims=\"1\" loading=\"lazy\" decoding=\"async\" width=\"800\" height=\"532\" src=\"https:\/\/i0.wp.com\/cdnoticias.com\/wp-content\/uploads\/2025\/06\/escuela-barrio-ceco-favaloro3-.jpg?resize=800%2C532&#038;ssl=1\" alt=\"\" class=\"wp-image-173182\" srcset=\"https:\/\/i0.wp.com\/cdnoticias.com\/wp-content\/uploads\/2025\/06\/escuela-barrio-ceco-favaloro3-.jpg?w=900&amp;ssl=1 900w, https:\/\/i0.wp.com\/cdnoticias.com\/wp-content\/uploads\/2025\/06\/escuela-barrio-ceco-favaloro3-.jpg?resize=300%2C199&amp;ssl=1 300w, https:\/\/i0.wp.com\/cdnoticias.com\/wp-content\/uploads\/2025\/06\/escuela-barrio-ceco-favaloro3-.jpg?resize=768%2C510&amp;ssl=1 768w, https:\/\/i0.wp.com\/cdnoticias.com\/wp-content\/uploads\/2025\/06\/escuela-barrio-ceco-favaloro3-.jpg?resize=272%2C182&amp;ssl=1 272w\" sizes=\"auto, (max-width: 800px) 100vw, 800px\" \/><\/figure>\n\n\n\n<p><\/p>\n\n\n\n<p>Por su parte, el intendente Wesner destac\u00f3: \u201c<strong>Es un placer enorme, es muy gratificante estar ac\u00e1, cuando abordamos la inversi\u00f3n en infraestructura educativa pusimos como prioridad este lugar\u201d.\u00a0<\/strong><\/p>\n\n\n\n<p><\/p>\n\n\n\n<blockquote class=\"wp-block-quote is-layout-flow wp-block-quote-is-layout-flow\">\n<p>\u201cEsto estaba en total estado de abandono. Por eso, antes de empezar el acto me parece que, de manera sincera con el equipo de gesti\u00f3n municipal, venimos a pedir perd\u00f3n en nombre del Estado, porque esta obra hace much\u00edsimo tiempo atr\u00e1s tendr\u00eda que haber estado culminada\u201d agreg\u00f3.\u00a0<\/p>\n<\/blockquote>\n\n\n\n<p><\/p>\n\n\n\n<p>\u201cTenemos un Servicio Alimentario Escolar pero <strong>no ten\u00edamos el comedor para aprovechar al m\u00e1ximo ese recurso, <\/strong>que pone a disposici\u00f3n la Provincia todos los meses, en esta y en tantas instituciones. Por eso sinceramente <strong>quienes tenemos responsabilidades debemos saber definir las prioridade<\/strong>s. Para este equipo de gesti\u00f3n municipal la Escuela T\u00e9cnica 1 del barrio CECO ha sido una prioridad al momento de la planificaci\u00f3n de la infraestructura edilicia escolar\u201d, expres\u00f3 Wesner.<\/p>\n\n\n\n<p><\/p>\n\n\n\n<p>\u201cQuiero compartir con ustedes esta reflexi\u00f3n, que se puedan apropiar de las palabras de Lara reci\u00e9n: <strong>el cuidado del lugar<\/strong>. <strong>Un lugar que van a habitar todos los d\u00edas ustedes y las generaciones futuras.<\/strong> Cuidemoslo, abrac\u00e9moslo, despu\u00e9s del corte de cintas entremos y disfrut\u00e9moslo\u201d.<\/p>\n\n\n\n<p><\/p>\n\n\n\n<figure class=\"wp-block-image aligncenter size-full\"><img data-recalc-dims=\"1\" loading=\"lazy\" decoding=\"async\" width=\"800\" height=\"532\" src=\"https:\/\/i0.wp.com\/cdnoticias.com\/wp-content\/uploads\/2025\/06\/escuela-barrio-ceco-favaloro2-.jpg?resize=800%2C532&#038;ssl=1\" alt=\"\" class=\"wp-image-173183\" srcset=\"https:\/\/i0.wp.com\/cdnoticias.com\/wp-content\/uploads\/2025\/06\/escuela-barrio-ceco-favaloro2-.jpg?w=900&amp;ssl=1 900w, https:\/\/i0.wp.com\/cdnoticias.com\/wp-content\/uploads\/2025\/06\/escuela-barrio-ceco-favaloro2-.jpg?resize=300%2C199&amp;ssl=1 300w, https:\/\/i0.wp.com\/cdnoticias.com\/wp-content\/uploads\/2025\/06\/escuela-barrio-ceco-favaloro2-.jpg?resize=768%2C510&amp;ssl=1 768w, https:\/\/i0.wp.com\/cdnoticias.com\/wp-content\/uploads\/2025\/06\/escuela-barrio-ceco-favaloro2-.jpg?resize=272%2C182&amp;ssl=1 272w\" sizes=\"auto, (max-width: 800px) 100vw, 800px\" \/><\/figure>\n\n\n\n<p><\/p>\n\n\n\n<blockquote class=\"wp-block-quote is-layout-flow wp-block-quote-is-layout-flow\">\n<p>Para finalizar, el Intendente consider\u00f3: \u201cSin lugar a dudas creemos y apostamos a la educaci\u00f3n p\u00fablica, pero tambi\u00e9n creemos en una educaci\u00f3n anclada en sus territorios, en la que no solamente el colegio cierra las puertas y nos vemos al otro d\u00eda\u201d.\u00a0<\/p>\n<\/blockquote>\n\n\n\n<p><\/p>\n\n\n\n<p>\u201cLes agradezco enormemente por compartir este momento. Trabajamos para esto, para poder seguir construyendo m\u00e1s edificios como este, m\u00e1s ampliaciones, m\u00e1s refacciones, para que estos <strong>208 alumnos que transitan todos los d\u00edas les cambie la vida y puedan vivir y un poco mejor todos los d\u00edas<\/strong>, aprender en un contexto m\u00e1s cierto, m\u00e1s seguro,<strong> con mejor calidad edilicia\u201d<\/strong> subray\u00f3 Wesner.\u00a0<\/p>\n\n\n\n<p><\/p>\n\n\n\n<p>Por \u00faltimo, e<strong>l padre Marcos Picaroni<\/strong> fue el <strong>sacerdote encargado de la tradicional bendici\u00f3n<\/strong> y se refiri\u00f3 a esta obra como \u201c<em>un pasito m\u00e1s en el crecimiento institucional de esta escuela a la que vienen tantos chicos y adolescentes, no s\u00f3lo del barrio CECO sino de gran alcance en la comunidad local<\/em>\u201d. Tras ello, se realiz\u00f3 el protocolar corte de cinta que dej\u00f3 formalmente inaugurado el espacio.<\/p>\n\n\n\n<p><\/p>\n\n\n\n<figure class=\"wp-block-image aligncenter size-full\"><img data-recalc-dims=\"1\" loading=\"lazy\" decoding=\"async\" width=\"800\" height=\"532\" src=\"https:\/\/i0.wp.com\/cdnoticias.com\/wp-content\/uploads\/2025\/06\/escuela-barrio-ceco-favaloro4-.jpg?resize=800%2C532&#038;ssl=1\" alt=\"\" class=\"wp-image-173181\" srcset=\"https:\/\/i0.wp.com\/cdnoticias.com\/wp-content\/uploads\/2025\/06\/escuela-barrio-ceco-favaloro4-.jpg?w=900&amp;ssl=1 900w, https:\/\/i0.wp.com\/cdnoticias.com\/wp-content\/uploads\/2025\/06\/escuela-barrio-ceco-favaloro4-.jpg?resize=300%2C199&amp;ssl=1 300w, https:\/\/i0.wp.com\/cdnoticias.com\/wp-content\/uploads\/2025\/06\/escuela-barrio-ceco-favaloro4-.jpg?resize=768%2C510&amp;ssl=1 768w, https:\/\/i0.wp.com\/cdnoticias.com\/wp-content\/uploads\/2025\/06\/escuela-barrio-ceco-favaloro4-.jpg?resize=272%2C182&amp;ssl=1 272w\" sizes=\"auto, (max-width: 800px) 100vw, 800px\" \/><\/figure>\n\n\n\n<p><\/p>\n","protected":false},"excerpt":{"rendered":"<p>\u201cEsto estaba en total estado de abandono. De manera sincera con el equipo de gesti\u00f3n municipal, venimos a pedir perd\u00f3n<\/p>\n","protected":false},"author":6,"featured_media":173184,"comment_status":"closed","ping_status":"closed","sticky":false,"template":"","format":"standard","meta":{"_jetpack_memberships_contains_paid_content":false,"footnotes":""},"categories":[5,1],"tags":[],"class_list":["post-173179","post","type-post","status-publish","format-standard","has-post-thumbnail","hentry","category-informacion-general","category-portada"],"jetpack_featured_media_url":"https:\/\/i0.wp.com\/cdnoticias.com\/wp-content\/uploads\/2025\/06\/escuela-barrio-ceco-favaloro1-.jpg?fit=900%2C598&ssl=1","jetpack_sharing_enabled":true,"_links":{"self":[{"href":"https:\/\/cdnoticias.com\/index.php\/wp-json\/wp\/v2\/posts\/173179","targetHints":{"allow":["GET"]}}],"collection":[{"href":"https:\/\/cdnoticias.com\/index.php\/wp-json\/wp\/v2\/posts"}],"about":[{"href":"https:\/\/cdnoticias.com\/index.php\/wp-json\/wp\/v2\/types\/post"}],"author":[{"embeddable":true,"href":"https:\/\/cdnoticias.com\/index.php\/wp-json\/wp\/v2\/users\/6"}],"replies":[{"embeddable":true,"href":"https:\/\/cdnoticias.com\/index.php\/wp-json\/wp\/v2\/comments?post=173179"}],"version-history":[{"count":0,"href":"https:\/\/cdnoticias.com\/index.php\/wp-json\/wp\/v2\/posts\/173179\/revisions"}],"wp:featuredmedia":[{"embeddable":true,"href":"https:\/\/cdnoticias.com\/index.php\/wp-json\/wp\/v2\/media\/173184"}],"wp:attachment":[{"href":"https:\/\/cdnoticias.com\/index.php\/wp-json\/wp\/v2\/media?parent=173179"}],"wp:term":[{"taxonomy":"category","embeddable":true,"href":"https:\/\/cdnoticias.com\/index.php\/wp-json\/wp\/v2\/categories?post=173179"},{"taxonomy":"post_tag","embeddable":true,"href":"https:\/\/cdnoticias.com\/index.php\/wp-json\/wp\/v2\/tags?post=173179"}],"curies":[{"name":"wp","href":"https:\/\/api.w.org\/{rel}","templated":true}]}}