{"id":17317,"date":"2021-03-27T19:28:08","date_gmt":"2021-03-27T22:28:08","guid":{"rendered":"http:\/\/www.centraldenoticias.com.ar\/?p=17317"},"modified":"2021-03-27T19:28:08","modified_gmt":"2021-03-27T22:28:08","slug":"nuevo-audiovisual-de-foro-olavarria-veteranos-hijos-e-hijas-de-la-guerra","status":"publish","type":"post","link":"https:\/\/cdnoticias.com\/index.php\/2021\/03\/27\/nuevo-audiovisual-de-foro-olavarria-veteranos-hijos-e-hijas-de-la-guerra\/","title":{"rendered":"Nuevo audiovisual de Foro Olavarr\u00eda: \u201cVeteranos: Hijos e hijas de la guerra\u201d"},"content":{"rendered":"<p>Ser\u00e1 en conmemoraci\u00f3n del D\u00eda del Veterano y los Ca\u00eddos en la guerra de Malvinas. Se estrenar\u00e1 el viernes 2 de abril a las 00:00 horas. Los detalles.\u00a0<!--more--><\/p>\n<hr \/>\n<p>En el marco de la conmemoraci\u00f3n del D\u00eda del Veterano y de los Ca\u00eddos en la guerra de Malvinas, <strong>el pr\u00f3ximo viernes a las 00:00 horas el Foro Olavarr\u00eda y el Frente Renovador estrenar\u00e1n un documental denominado \u201cVeteranos: hijos e hijas de la guerra\u201d.<\/strong><\/p>\n<p>&nbsp;<\/p>\n<blockquote><p>Esta producci\u00f3n recupera las voces de hijos y familiares de los veteranos de guerra y estar\u00e1 disponible en las plataformas Facebook Live y YouTube del Foro Olavarr\u00eda, espacio conducido por el Concejal Eduardo Rodr\u00edguez y la Concejala In\u00e9s Creimer.<\/p><\/blockquote>\n<p>&nbsp;<\/p>\n<p><strong>Se compartir\u00e1n reflexiones y sensaciones al ser personas cercanas a quienes combatieron en el enfrentamiento b\u00e9lico de 1982.<\/strong> \u201cVeteranos: Hijos e hijas de la guerra\u201d promete ser un film \u00edntimo y muy emotivo que ofrece otra visi\u00f3n de nuestra historia. Con Luis Donatelli como entrevistador, producida por el equipo del Foro Olavarr\u00eda y la coordinaci\u00f3n general de Agust\u00edn Alfonzo, realizado en el espacio cultural Punto de Giro.<\/p>\n<p>&nbsp;<\/p>\n<p>Como complemento de \u201c<strong>Veteranos: Hijos e hijas de la guerra\u201d tambi\u00e9n se comparte un video musical a cargo de la banda local \u201cLa Profec\u00eda\u201d.<\/strong> La agrupaci\u00f3n compuesta por Mauro Montero en voz y guitarra, Osvaldo Roth a cargo de guitarra y coros, Federico Sacher en bajo y Jorge Luna en bater\u00eda <strong>interpretan su canci\u00f3n \u201cClase 63\u201d, la cual es un homenaje a los h\u00e9roes de Malvinas. El v\u00eddeo y la m\u00fasica fueron grabados en los estudios CTR, especialmente para esta fecha.<\/strong><\/p>\n","protected":false},"excerpt":{"rendered":"<p>Ser\u00e1 en conmemoraci\u00f3n del D\u00eda del Veterano y los Ca\u00eddos en la guerra de Malvinas. Se estrenar\u00e1 el viernes 2<\/p>\n","protected":false},"author":2,"featured_media":14665,"comment_status":"closed","ping_status":"closed","sticky":false,"template":"","format":"standard","meta":{"_jetpack_memberships_contains_paid_content":false,"footnotes":""},"categories":[9,1],"tags":[],"class_list":["post-17317","post","type-post","status-publish","format-standard","has-post-thumbnail","hentry","category-cultura","category-portada"],"jetpack_featured_media_url":"https:\/\/i0.wp.com\/cdnoticias.com\/wp-content\/uploads\/2021\/02\/Foto-gacetilla-Foro-Olavarr%C3%ADa.jpeg?fit=1001%2C751&ssl=1","jetpack_sharing_enabled":true,"_links":{"self":[{"href":"https:\/\/cdnoticias.com\/index.php\/wp-json\/wp\/v2\/posts\/17317","targetHints":{"allow":["GET"]}}],"collection":[{"href":"https:\/\/cdnoticias.com\/index.php\/wp-json\/wp\/v2\/posts"}],"about":[{"href":"https:\/\/cdnoticias.com\/index.php\/wp-json\/wp\/v2\/types\/post"}],"author":[{"embeddable":true,"href":"https:\/\/cdnoticias.com\/index.php\/wp-json\/wp\/v2\/users\/2"}],"replies":[{"embeddable":true,"href":"https:\/\/cdnoticias.com\/index.php\/wp-json\/wp\/v2\/comments?post=17317"}],"version-history":[{"count":0,"href":"https:\/\/cdnoticias.com\/index.php\/wp-json\/wp\/v2\/posts\/17317\/revisions"}],"wp:featuredmedia":[{"embeddable":true,"href":"https:\/\/cdnoticias.com\/index.php\/wp-json\/wp\/v2\/media\/14665"}],"wp:attachment":[{"href":"https:\/\/cdnoticias.com\/index.php\/wp-json\/wp\/v2\/media?parent=17317"}],"wp:term":[{"taxonomy":"category","embeddable":true,"href":"https:\/\/cdnoticias.com\/index.php\/wp-json\/wp\/v2\/categories?post=17317"},{"taxonomy":"post_tag","embeddable":true,"href":"https:\/\/cdnoticias.com\/index.php\/wp-json\/wp\/v2\/tags?post=17317"}],"curies":[{"name":"wp","href":"https:\/\/api.w.org\/{rel}","templated":true}]}}