{"id":173163,"date":"2025-06-04T13:48:12","date_gmt":"2025-06-04T16:48:12","guid":{"rendered":"https:\/\/cdnoticias.com\/?p=173163"},"modified":"2025-06-04T13:48:14","modified_gmt":"2025-06-04T16:48:14","slug":"en-el-salon-rivadavia-se-presento-la-muestra-documental-3j-10-anos-de-ni-una-menos","status":"publish","type":"post","link":"https:\/\/cdnoticias.com\/index.php\/2025\/06\/04\/en-el-salon-rivadavia-se-presento-la-muestra-documental-3j-10-anos-de-ni-una-menos\/","title":{"rendered":"En el Sal\u00f3n Rivadavia se present\u00f3 la muestra documental \u201c3J \u2013 10 a\u00f1os de Ni Una Menos\u201d"},"content":{"rendered":"<p>La exposici\u00f3n es el resultado de im\u00e1genes tomadas por profesionales de la fotograf\u00eda y aficionados y aficionadas, que participaron de la convocatoria realizada desde el Municipio.<!--more--><\/p>\n<hr \/>\n<p>Con un buen marco de p\u00fablico, en la tarde del martes, <strong>en el Sal\u00f3n Rivadavia<\/strong>, se llev\u00f3 a cabo la presentaci\u00f3n de la <strong>muestra documental \u201c3J \u2013 10 a\u00f1os de Ni Una Menos\u201d<\/strong> que recopila fotograf\u00edas tomadas en distintos sitios del partido de Olavarr\u00eda, durante las movilizaciones realizadas, <strong>desde hace 10 a\u00f1os, cada 3 de junio<\/strong> en el marco de la conmemoraci\u00f3n del <strong>\u201cNi Una Menos\u201d.<\/strong><\/p>\n<p>Participaron de la actividad la jefa de Gabinete Mercedes Land\u00edvar, la secretaria y subsecretaria de Desarrollo de la Comunidad Laura Gamberini y Mar\u00eda Jos\u00e9 Maidana, la subsecretaria de Cultura y Educaci\u00f3n Sof\u00eda Ar\u00e9valo, la directora de Mujeres, G\u00e9neros y Diversidad, Patricia P\u00e9rez, la coordinadora de Relaciones Interinstitucionales del \u00e1rea Florencia Ju\u00e1rez.<\/p>\n<p><img data-recalc-dims=\"1\" loading=\"lazy\" decoding=\"async\" class=\"alignnone size-full wp-image-173165 aligncenter\" src=\"https:\/\/i0.wp.com\/cdnoticias.com\/wp-content\/uploads\/2025\/06\/ni-una-menos-1-Muestra-Fotografica-pata-perez.jpg?resize=800%2C445&#038;ssl=1\" alt=\"\" width=\"800\" height=\"445\" srcset=\"https:\/\/i0.wp.com\/cdnoticias.com\/wp-content\/uploads\/2025\/06\/ni-una-menos-1-Muestra-Fotografica-pata-perez.jpg?w=1000&amp;ssl=1 1000w, https:\/\/i0.wp.com\/cdnoticias.com\/wp-content\/uploads\/2025\/06\/ni-una-menos-1-Muestra-Fotografica-pata-perez.jpg?resize=300%2C167&amp;ssl=1 300w, https:\/\/i0.wp.com\/cdnoticias.com\/wp-content\/uploads\/2025\/06\/ni-una-menos-1-Muestra-Fotografica-pata-perez.jpg?resize=768%2C427&amp;ssl=1 768w, https:\/\/i0.wp.com\/cdnoticias.com\/wp-content\/uploads\/2025\/06\/ni-una-menos-1-Muestra-Fotografica-pata-perez.jpg?resize=800%2C445&amp;ssl=1 800w\" sizes=\"auto, (max-width: 800px) 100vw, 800px\" \/><\/p>\n<p>La muestra es el resultado de las im\u00e1genes de profesionales de la fotograf\u00eda y aficionados y aficionadas, que participaron de la convocatoria realizada desde la Direcci\u00f3n de Mujeres, G\u00e9neros y Diversidad, junto a la Subsecretar\u00eda de Cultura y la Subsecretar\u00eda de Comunicaci\u00f3n del Municipio de Olavarr\u00eda.<\/p>\n<p>Dicha exposici\u00f3n cuenta con <strong>fotograf\u00edas de Ail\u00e9n Su\u00e1rez, Jorge Arabito, Ximena (Pime) Peralta, Tefa Schegtel Torres, Loana Desanto, Carolina Acquarone y Dante Lartirigoyen<\/strong>.<\/p>\n<p><img data-recalc-dims=\"1\" loading=\"lazy\" decoding=\"async\" class=\"alignnone size-full wp-image-173166 aligncenter\" src=\"https:\/\/i0.wp.com\/cdnoticias.com\/wp-content\/uploads\/2025\/06\/ni-una-menos-2-Muestra-Fotografica.jpg?resize=800%2C445&#038;ssl=1\" alt=\"\" width=\"800\" height=\"445\" srcset=\"https:\/\/i0.wp.com\/cdnoticias.com\/wp-content\/uploads\/2025\/06\/ni-una-menos-2-Muestra-Fotografica.jpg?w=1000&amp;ssl=1 1000w, https:\/\/i0.wp.com\/cdnoticias.com\/wp-content\/uploads\/2025\/06\/ni-una-menos-2-Muestra-Fotografica.jpg?resize=300%2C167&amp;ssl=1 300w, https:\/\/i0.wp.com\/cdnoticias.com\/wp-content\/uploads\/2025\/06\/ni-una-menos-2-Muestra-Fotografica.jpg?resize=768%2C427&amp;ssl=1 768w, https:\/\/i0.wp.com\/cdnoticias.com\/wp-content\/uploads\/2025\/06\/ni-una-menos-2-Muestra-Fotografica.jpg?resize=800%2C445&amp;ssl=1 800w\" sizes=\"auto, (max-width: 800px) 100vw, 800px\" \/><\/p>\n<blockquote><p>La propuesta se vincula con los diez a\u00f1os de esa hist\u00f3rica marcha, que impuls\u00f3 el dise\u00f1o y la aplicaci\u00f3n de una serie de acciones institucionales que mejoraron los abordajes de las violencias por razones de g\u00e9nero en Olavarr\u00eda, y que tuvo como objetivo realizar un ejercicio de activaci\u00f3n de memoria, mediante una muestra de fotos que recorra las diez marchas \u201cNi Una Menos\u201d que se hicieron en Olavarr\u00eda.<\/p><\/blockquote>\n<p>Cabe se\u00f1alar que <strong>el jurado<\/strong> estuvo conformado por 1 integrante de la Direcci\u00f3n de Mujeres, G\u00e9nero y Diversidad, 1 integrante de la Subsecretar\u00eda de Cultura y 1integrante de la Subsecretar\u00eda de Comunicaci\u00f3n.<\/p>\n<p>La presentaci\u00f3n de la muestra finaliz\u00f3 con un <strong>cierre musical<\/strong> a cargo del d\u00fao integrado por <strong>Valentina Fern\u00e1ndez y Luna Orioli<\/strong>, quienes interpretaron un repertorio integrado por obras folcl\u00f3ricas.<\/p>\n<p><img data-recalc-dims=\"1\" loading=\"lazy\" decoding=\"async\" class=\"alignnone size-full wp-image-173167 aligncenter\" src=\"https:\/\/i0.wp.com\/cdnoticias.com\/wp-content\/uploads\/2025\/06\/ni-una-menos-1-Muestra-Fotografica-florencia-juarez.jpg?resize=800%2C445&#038;ssl=1\" alt=\"\" width=\"800\" height=\"445\" srcset=\"https:\/\/i0.wp.com\/cdnoticias.com\/wp-content\/uploads\/2025\/06\/ni-una-menos-1-Muestra-Fotografica-florencia-juarez.jpg?w=1000&amp;ssl=1 1000w, https:\/\/i0.wp.com\/cdnoticias.com\/wp-content\/uploads\/2025\/06\/ni-una-menos-1-Muestra-Fotografica-florencia-juarez.jpg?resize=300%2C167&amp;ssl=1 300w, https:\/\/i0.wp.com\/cdnoticias.com\/wp-content\/uploads\/2025\/06\/ni-una-menos-1-Muestra-Fotografica-florencia-juarez.jpg?resize=768%2C427&amp;ssl=1 768w, https:\/\/i0.wp.com\/cdnoticias.com\/wp-content\/uploads\/2025\/06\/ni-una-menos-1-Muestra-Fotografica-florencia-juarez.jpg?resize=800%2C445&amp;ssl=1 800w\" sizes=\"auto, (max-width: 800px) 100vw, 800px\" \/><\/p>\n","protected":false},"excerpt":{"rendered":"<p>La exposici\u00f3n es el resultado de im\u00e1genes tomadas por profesionales de la fotograf\u00eda y aficionados y aficionadas, que participaron de<\/p>\n","protected":false},"author":4,"featured_media":173164,"comment_status":"closed","ping_status":"closed","sticky":false,"template":"","format":"standard","meta":{"_jetpack_memberships_contains_paid_content":false,"footnotes":""},"categories":[3,1],"tags":[],"class_list":["post-173163","post","type-post","status-publish","format-standard","has-post-thumbnail","hentry","category-genero","category-portada"],"jetpack_featured_media_url":"https:\/\/i0.wp.com\/cdnoticias.com\/wp-content\/uploads\/2025\/06\/ni-una-menos-3-Muestra-Fotografica.jpg?fit=1000%2C556&ssl=1","jetpack_sharing_enabled":true,"_links":{"self":[{"href":"https:\/\/cdnoticias.com\/index.php\/wp-json\/wp\/v2\/posts\/173163","targetHints":{"allow":["GET"]}}],"collection":[{"href":"https:\/\/cdnoticias.com\/index.php\/wp-json\/wp\/v2\/posts"}],"about":[{"href":"https:\/\/cdnoticias.com\/index.php\/wp-json\/wp\/v2\/types\/post"}],"author":[{"embeddable":true,"href":"https:\/\/cdnoticias.com\/index.php\/wp-json\/wp\/v2\/users\/4"}],"replies":[{"embeddable":true,"href":"https:\/\/cdnoticias.com\/index.php\/wp-json\/wp\/v2\/comments?post=173163"}],"version-history":[{"count":0,"href":"https:\/\/cdnoticias.com\/index.php\/wp-json\/wp\/v2\/posts\/173163\/revisions"}],"wp:featuredmedia":[{"embeddable":true,"href":"https:\/\/cdnoticias.com\/index.php\/wp-json\/wp\/v2\/media\/173164"}],"wp:attachment":[{"href":"https:\/\/cdnoticias.com\/index.php\/wp-json\/wp\/v2\/media?parent=173163"}],"wp:term":[{"taxonomy":"category","embeddable":true,"href":"https:\/\/cdnoticias.com\/index.php\/wp-json\/wp\/v2\/categories?post=173163"},{"taxonomy":"post_tag","embeddable":true,"href":"https:\/\/cdnoticias.com\/index.php\/wp-json\/wp\/v2\/tags?post=173163"}],"curies":[{"name":"wp","href":"https:\/\/api.w.org\/{rel}","templated":true}]}}