{"id":173144,"date":"2025-06-04T10:02:22","date_gmt":"2025-06-04T13:02:22","guid":{"rendered":"https:\/\/cdnoticias.com\/?p=173144"},"modified":"2025-06-04T12:32:38","modified_gmt":"2025-06-04T15:32:38","slug":"compradores-de-los-palmares-fueron-recibidos-en-el-palacio-municipal-el-tema-volvera-al-hcd","status":"publish","type":"post","link":"https:\/\/cdnoticias.com\/index.php\/2025\/06\/04\/compradores-de-los-palmares-fueron-recibidos-en-el-palacio-municipal-el-tema-volvera-al-hcd\/","title":{"rendered":"Compradores de \u201cLos Palmares\u201d fueron recibidos en el Palacio Municipal: el tema volver\u00e1 al HCD"},"content":{"rendered":"<p>Los vecinos presentaron documentaci\u00f3n sobre la adquisici\u00f3n de los terrenos en 2022. Tambi\u00e9n hubo reuniones con representantes del fideicomiso, quienes \u201cdesconocieron\u201d las ventas de lotes. El viernes se reenviar\u00e1 el proyecto de ordenanza al HCD.<!--more--><\/p>\n<hr \/>\n<p>En la jornada de este martes, <strong>la jefa de Gabinete Mercedes Land\u00edvar, el secretario de Obras P\u00fablicas Orfel Fari\u00f1a, la subsecretaria de legales Ver\u00f3nica Martel y el director de Casa Tierras y Regularizaci\u00f3n Dominial Juan S\u00e1nchez<\/strong>, recibieron a<strong> vecinos que presentaron documentaci\u00f3n<\/strong> relacionada con la<strong> adquisici\u00f3n de lotes en el predio conocido como \u201cLos Palmares\u201d<\/strong>.<\/p>\n<p>Se dio a conocer que en total <strong>son m\u00e1s de 40 familias<\/strong> las que presentaron la documentaci\u00f3n de las operaciones de compra de lotes que habr\u00edan sido realizadas <strong>durante el a\u00f1o 2022<\/strong>. Se detall\u00f3 que cada compra se efectu\u00f3 por <strong>un monto aproximado de 2.000 d\u00f3lares por fracci\u00f3n<\/strong>, seg\u00fan consta en los boletos de compraventa aportados, y <strong>coinciden con el \u00e1rea donde se proyecta el desarrollo urban\u00edstico del fideicomiso \u201cLos Palmares\u201d<\/strong>.<\/p>\n<p>Tras el encuentro, los funcionarios municipales <strong>sumaron informaci\u00f3n al expediente<\/strong> en el que se analiza la aprobaci\u00f3n del desarrollo urban\u00edstico y anunciaron que <strong>ser\u00e1 devuelto al Concejo Deliberante<\/strong>.<\/p>\n<blockquote><p>En ese sentido, se inform\u00f3 que \u201cel Ejecutivo decidi\u00f3 anexar la documentaci\u00f3n presentada por los vecinos al expediente principal del proyecto urban\u00edstico, el cual ser\u00e1 reenviado este viernes al Honorable Concejo Deliberante para su an\u00e1lisis\u201d.<\/p><\/blockquote>\n<p>Se record\u00f3 que <strong>el expediente original hab\u00eda sido enviado al Concejo por la gesti\u00f3n anterior, el 7 de diciembre de 2023<\/strong>. Durante los primeros meses de 2024 vecinos se hab\u00edan acercado al Municipio manifestando haber adquirido lotes en el mismo sector sin obtener hasta el momento una respuesta clara sobre la situaci\u00f3n legal y urban\u00edstica de sus terrenos. <strong>\u201cPor tal motivo la gesti\u00f3n actual retir\u00f3 el expediente para su an\u00e1lisis\u201d<\/strong> se explic\u00f3.<\/p>\n<h3>Los desarrolladores<\/h3>\n<p>A fin del a\u00f1o pasado, <a href=\"https:\/\/cdnoticias.com\/index.php\/2025\/01\/03\/auditoria-municipal-los-polemicos-senalamientos-al-proyecto-de-tierras-los-palmares\/\" target=\"_blank\" rel=\"noopener\">en la auditor\u00eda del Municipio que present\u00f3 el Ejecutivo<\/a>, expuso aspectos \u201cllamativos\u201d sobre el proyecto Los Palmares. <em>Entre ellos se mencion\u00f3 la conformaci\u00f3n del fideicomiso, con la participaci\u00f3n de martilleros oriundos de Nordelta, Pilar, San Fernando y Vicente L\u00f3pez<\/em>. La particularidad que se\u00f1ala el Municipio en la auditor\u00eda es que \u201cnunca hab\u00edan realizado una operaci\u00f3n inmobiliaria en Olavarr\u00eda\u201d.<\/p>\n<blockquote><p>Este martes se dio a conocer que \u201cel Municipio mantuvo en el \u00faltimo tiempo dos reuniones con los representantes del fideicomiso a cargo del desarrollo, quienes manifestaron desconocer las operaciones de venta se\u00f1aladas por los vecinos. Esta falta de coincidencia entre las partes motiv\u00f3 un an\u00e1lisis m\u00e1s profundo por parte del Ejecutivo\u201d se subray\u00f3.<\/p><\/blockquote>\n<p>En cuanto al proyecto de ordenanza, se indic\u00f3 que \u201ccon la reciente presentaci\u00f3n formal de documentaci\u00f3n por parte de los compradores, <strong>el Ejecutivo proceder\u00e1 a incorporar este nuevo expediente con las copias de boletos de compraventa<\/strong> al tr\u00e1mite general, con el objetivo de que el Concejo Deliberante pueda <strong>evaluar el impacto de estas operaciones en el desarrollo proyectado\u201d<\/strong>.<\/p>\n<p>En la comunicaci\u00f3n oficial se reiter\u00f3 la recomendaci\u00f3n a la comunidad que <strong>\u201cante dudas respecto de la reglamentaci\u00f3n a la hora de adquirir un lote<\/strong> o realizar una inversi\u00f3n <strong>se acerque a la direcci\u00f3n de Casa de Tierra y Regularizaci\u00f3n Dominial<\/strong>\u201d.<\/p>\n<p>El tema estuvo en debate en los \u00faltimos d\u00edas de mayo. <a href=\"https:\/\/cdnoticias.com\/index.php\/2025\/05\/22\/escandalo-por-los-lotes-de-los-palmares-hubo-replicas-en-el-hcd\/\" target=\"_blank\" rel=\"noopener\">Hubo un cruce en la sesi\u00f3n del Concejo Deliberante<\/a> y, adem\u00e1s, entre el actual oficialismo y el anterior. Fue incluso mencionado el ex intendente Ezequiel Galli quien advirti\u00f3 sobre su <a href=\"https:\/\/cdnoticias.com\/index.php\/2025\/05\/28\/ezequiel-galli-estoy-evaluando-acciones-penales-porque-me-trataron-de-estafador\/\" target=\"_blank\" rel=\"noopener\">intenci\u00f3n de accionar legalmente a ra\u00edz de lo expresado<\/a>. En paralelo, Lucas Torres, empresario integrante del fideicomiso, <a href=\"https:\/\/cdnoticias.com\/index.php\/2025\/05\/22\/lucas-torres-sobre-los-palmares-no-tenemos-ningun-lote-vendido\/\" target=\"_blank\" rel=\"noopener\">hizo declaraciones en distintos medios durante la semana pasada<\/a> en las que -tal como inform\u00f3 el Ejecutivo- rechaz\u00f3 haber participado de la venta de lotes y busc\u00f3 sumar presi\u00f3n al Ejecutivo para que el desarrollo urban\u00edstico sea aprobado.<\/p>\n","protected":false},"excerpt":{"rendered":"<p>Los vecinos presentaron documentaci\u00f3n sobre la adquisici\u00f3n de los terrenos en 2022. Tambi\u00e9n hubo reuniones con representantes del fideicomiso, quienes<\/p>\n","protected":false},"author":4,"featured_media":133817,"comment_status":"closed","ping_status":"closed","sticky":false,"template":"","format":"standard","meta":{"_jetpack_memberships_contains_paid_content":false,"footnotes":""},"categories":[5,1],"tags":[],"class_list":["post-173144","post","type-post","status-publish","format-standard","has-post-thumbnail","hentry","category-informacion-general","category-portada"],"jetpack_featured_media_url":"https:\/\/i0.wp.com\/cdnoticias.com\/wp-content\/uploads\/2025\/01\/palmares.jpg?fit=778%2C720&ssl=1","jetpack_sharing_enabled":true,"_links":{"self":[{"href":"https:\/\/cdnoticias.com\/index.php\/wp-json\/wp\/v2\/posts\/173144","targetHints":{"allow":["GET"]}}],"collection":[{"href":"https:\/\/cdnoticias.com\/index.php\/wp-json\/wp\/v2\/posts"}],"about":[{"href":"https:\/\/cdnoticias.com\/index.php\/wp-json\/wp\/v2\/types\/post"}],"author":[{"embeddable":true,"href":"https:\/\/cdnoticias.com\/index.php\/wp-json\/wp\/v2\/users\/4"}],"replies":[{"embeddable":true,"href":"https:\/\/cdnoticias.com\/index.php\/wp-json\/wp\/v2\/comments?post=173144"}],"version-history":[{"count":0,"href":"https:\/\/cdnoticias.com\/index.php\/wp-json\/wp\/v2\/posts\/173144\/revisions"}],"wp:featuredmedia":[{"embeddable":true,"href":"https:\/\/cdnoticias.com\/index.php\/wp-json\/wp\/v2\/media\/133817"}],"wp:attachment":[{"href":"https:\/\/cdnoticias.com\/index.php\/wp-json\/wp\/v2\/media?parent=173144"}],"wp:term":[{"taxonomy":"category","embeddable":true,"href":"https:\/\/cdnoticias.com\/index.php\/wp-json\/wp\/v2\/categories?post=173144"},{"taxonomy":"post_tag","embeddable":true,"href":"https:\/\/cdnoticias.com\/index.php\/wp-json\/wp\/v2\/tags?post=173144"}],"curies":[{"name":"wp","href":"https:\/\/api.w.org\/{rel}","templated":true}]}}