{"id":173130,"date":"2025-06-03T21:31:53","date_gmt":"2025-06-04T00:31:53","guid":{"rendered":"https:\/\/cdnoticias.com\/?p=173130"},"modified":"2025-06-03T21:31:54","modified_gmt":"2025-06-04T00:31:54","slug":"sergio-massa-continua-trabajando-por-la-unidad-del-peronismo-y-una-agenda-de-soluciones-para-el-pais","status":"publish","type":"post","link":"https:\/\/cdnoticias.com\/index.php\/2025\/06\/03\/sergio-massa-continua-trabajando-por-la-unidad-del-peronismo-y-una-agenda-de-soluciones-para-el-pais\/","title":{"rendered":"Sergio Massa contin\u00faa trabajando &#8220;por la unidad del peronismo y una agenda de soluciones para el pa\u00eds&#8221;"},"content":{"rendered":"\n<p>El exministro reafirm\u00f3 &#8220;su compromiso con la unidad del peronismo y el desarrollo de una agenda con propuestas concretas frente a la crisis actual&#8221;. Desde su entorno aseguran que prioriza el consenso antes que una candidatura personal.<br><br>Desde el entorno de <strong>Sergio Massa aseguraron que el exministro de Econom\u00eda \u201cva a estar donde el peronismo, el pa\u00eds y la gente lo necesiten\u201d<\/strong>. En medio del debate interno sobre el futuro del movimiento, subrayaron que Massa &#8220;prioriza la unidad por encima de cualquier candidatura personal&#8221;.<\/p>\n\n\n\n<p><em><strong>\u201cLe importa m\u00e1s la unidad de todos los que no estamos de acuerdo con las pol\u00edticas del actual gobierno que una postulaci\u00f3n individual\u201d<\/strong><\/em>, se\u00f1alaron fuentes cercanas al dirigente. En ese marco, destacaron que <strong>contin\u00faa trabajando para construir una propuesta que le permita al peronismo volver a ser opci\u00f3n de gobierno, con ideas renovadas y soluciones concretas para los problemas actuales.<\/strong><\/p>\n\n\n\n<p>Desde su espacio valoraron la experiencia pol\u00edtica de Massa y su capacidad para asumir responsabilidades en contextos complejos.<em> \u201cTuvo la valent\u00eda que se necesit\u00f3 cada vez que se present\u00f3 una dificultad\u201d,<\/em> remarcaron, al tiempo que subrayaron que cuenta con un equipo t\u00e9cnico con trayectoria en gesti\u00f3n p\u00fablica.<\/p>\n\n\n\n<p>El referente del Frente Renovador impulsa \u2014seg\u00fan se indic\u00f3\u2014 una visi\u00f3n moderna del Estado, centrada en la eficacia, la agilidad en la administraci\u00f3n y en pol\u00edticas orientadas a la seguridad y la generaci\u00f3n de empleo. En esa l\u00ednea, sus voceros reafirmaron que su compromiso sigue siendo con<em><strong> \u201cuna pol\u00edtica y un Estado que mejoren la vida de todas y todos los argentinos\u201d.<\/strong><\/em><\/p>\n","protected":false},"excerpt":{"rendered":"<p>El exministro reafirm\u00f3 &#8220;su compromiso con la unidad del peronismo y el desarrollo de una agenda con propuestas concretas frente<\/p>\n","protected":false},"author":2,"featured_media":121954,"comment_status":"closed","ping_status":"closed","sticky":false,"template":"","format":"standard","meta":{"_jetpack_memberships_contains_paid_content":false,"footnotes":""},"categories":[4],"tags":[],"class_list":["post-173130","post","type-post","status-publish","format-standard","has-post-thumbnail","hentry","category-politica"],"jetpack_featured_media_url":"https:\/\/i0.wp.com\/cdnoticias.com\/wp-content\/uploads\/2024\/08\/sergio-massa.jpg?fit=954%2C538&ssl=1","jetpack_sharing_enabled":true,"_links":{"self":[{"href":"https:\/\/cdnoticias.com\/index.php\/wp-json\/wp\/v2\/posts\/173130","targetHints":{"allow":["GET"]}}],"collection":[{"href":"https:\/\/cdnoticias.com\/index.php\/wp-json\/wp\/v2\/posts"}],"about":[{"href":"https:\/\/cdnoticias.com\/index.php\/wp-json\/wp\/v2\/types\/post"}],"author":[{"embeddable":true,"href":"https:\/\/cdnoticias.com\/index.php\/wp-json\/wp\/v2\/users\/2"}],"replies":[{"embeddable":true,"href":"https:\/\/cdnoticias.com\/index.php\/wp-json\/wp\/v2\/comments?post=173130"}],"version-history":[{"count":0,"href":"https:\/\/cdnoticias.com\/index.php\/wp-json\/wp\/v2\/posts\/173130\/revisions"}],"wp:featuredmedia":[{"embeddable":true,"href":"https:\/\/cdnoticias.com\/index.php\/wp-json\/wp\/v2\/media\/121954"}],"wp:attachment":[{"href":"https:\/\/cdnoticias.com\/index.php\/wp-json\/wp\/v2\/media?parent=173130"}],"wp:term":[{"taxonomy":"category","embeddable":true,"href":"https:\/\/cdnoticias.com\/index.php\/wp-json\/wp\/v2\/categories?post=173130"},{"taxonomy":"post_tag","embeddable":true,"href":"https:\/\/cdnoticias.com\/index.php\/wp-json\/wp\/v2\/tags?post=173130"}],"curies":[{"name":"wp","href":"https:\/\/api.w.org\/{rel}","templated":true}]}}