{"id":173125,"date":"2025-06-03T20:14:15","date_gmt":"2025-06-03T23:14:15","guid":{"rendered":"https:\/\/cdnoticias.com\/?p=173125"},"modified":"2025-06-04T12:54:23","modified_gmt":"2025-06-04T15:54:23","slug":"a-10-anos-el-grito-de-ni-una-menos-se-escucho-en-olavarria","status":"publish","type":"post","link":"https:\/\/cdnoticias.com\/index.php\/2025\/06\/03\/a-10-anos-el-grito-de-ni-una-menos-se-escucho-en-olavarria\/","title":{"rendered":"A 10 a\u00f1os, el grito de Ni una menos se escuch\u00f3 en Olavarr\u00eda"},"content":{"rendered":"\n<p>Hubo actividades previas, la lectura del documento y una movilizaci\u00f3n por las calles de Olavarr\u00eda. Exigieron respuestas por los femicidios ocurridos en la ciudad en los \u00faltimos a\u00f1os.<\/p>\n\n\n\n<hr class=\"wp-block-separator aligncenter has-alpha-channel-opacity\"\/>\n\n\n\n<p>Organizaciones sociales, pol\u00edticas, feministas y autoconvocados <strong>se movilizaron este martes el centro de la ciudad para denunciar la violencia patriarcal, el ajuste y el desmantelamiento de pol\u00edticas p\u00fablicas de g\u00e9nero. Reclamaron justicia por v\u00edctimas locales y repudiaron el accionar del gobierno nacional.<\/strong><\/p>\n\n\n\n<figure class=\"wp-block-image size-full\"><img data-recalc-dims=\"1\" loading=\"lazy\" decoding=\"async\" width=\"800\" height=\"531\" src=\"https:\/\/i0.wp.com\/cdnoticias.com\/wp-content\/uploads\/2025\/06\/NiUnaMenos10anosOlavarria-16.jpg?resize=800%2C531&#038;ssl=1\" alt=\"\" class=\"wp-image-173103\" srcset=\"https:\/\/i0.wp.com\/cdnoticias.com\/wp-content\/uploads\/2025\/06\/NiUnaMenos10anosOlavarria-16.jpg?w=1024&amp;ssl=1 1024w, https:\/\/i0.wp.com\/cdnoticias.com\/wp-content\/uploads\/2025\/06\/NiUnaMenos10anosOlavarria-16.jpg?resize=300%2C199&amp;ssl=1 300w, https:\/\/i0.wp.com\/cdnoticias.com\/wp-content\/uploads\/2025\/06\/NiUnaMenos10anosOlavarria-16.jpg?resize=768%2C510&amp;ssl=1 768w, https:\/\/i0.wp.com\/cdnoticias.com\/wp-content\/uploads\/2025\/06\/NiUnaMenos10anosOlavarria-16.jpg?resize=272%2C182&amp;ssl=1 272w\" sizes=\"auto, (max-width: 800px) 100vw, 800px\" \/><\/figure>\n\n\n\n<p>Todo, en el marco del<strong> d\u00e9cimo aniversario de la primera marcha de Ni Una Menos y Olavarr\u00eda volvi\u00f3 a ser escenario de una importante movilizaci\u00f3n<\/strong>. Bajo la consigna <em><strong>\u201cMarchamos contra la crueldad: no es libertad, es violencia patriarcal\u201d<\/strong><\/em>, el documento le\u00eddo durante el acto <strong>denunci\u00f3 el ajuste sobre las pol\u00edticas de g\u00e9nero, la persecuci\u00f3n institucional y el vaciamiento de programas que acompa\u00f1aban a v\u00edctimas de violencia.<\/strong><\/p>\n\n\n\n<figure class=\"wp-block-image size-full\"><img data-recalc-dims=\"1\" loading=\"lazy\" decoding=\"async\" width=\"800\" height=\"531\" src=\"https:\/\/i0.wp.com\/cdnoticias.com\/wp-content\/uploads\/2025\/06\/NiUnaMenos10anosOlavarria-04.jpg?resize=800%2C531&#038;ssl=1\" alt=\"\" class=\"wp-image-173093\" srcset=\"https:\/\/i0.wp.com\/cdnoticias.com\/wp-content\/uploads\/2025\/06\/NiUnaMenos10anosOlavarria-04.jpg?w=1024&amp;ssl=1 1024w, https:\/\/i0.wp.com\/cdnoticias.com\/wp-content\/uploads\/2025\/06\/NiUnaMenos10anosOlavarria-04.jpg?resize=300%2C199&amp;ssl=1 300w, https:\/\/i0.wp.com\/cdnoticias.com\/wp-content\/uploads\/2025\/06\/NiUnaMenos10anosOlavarria-04.jpg?resize=768%2C510&amp;ssl=1 768w, https:\/\/i0.wp.com\/cdnoticias.com\/wp-content\/uploads\/2025\/06\/NiUnaMenos10anosOlavarria-04.jpg?resize=272%2C182&amp;ssl=1 272w\" sizes=\"auto, (max-width: 800px) 100vw, 800px\" \/><\/figure>\n\n\n\n<p>En el texto le\u00eddo por representantes de distintas organizaciones, <strong>se cuestion\u00f3 con dureza al gobierno nacional, al que se acus\u00f3 de ejercer violencia institucional mediante la eliminaci\u00f3n de trece programas orientados a la prevenci\u00f3n y erradicaci\u00f3n de las violencias machistas.<\/strong> Tambi\u00e9n se destac\u00f3 la reducci\u00f3n de recursos para la L\u00ednea 144 y el vaciamiento de \u00e1reas clave como la Direcci\u00f3n de G\u00e9neros y Diversidad del Ministerio de Salud.<\/p>\n\n\n\n<p>Durante la lectura del documento, <strong>se record\u00f3 que desde la primera marcha en 2015 hasta hoy se registraron 2.827 femicidios en Argentina, y se hizo \u00e9nfasis en que \u201cnos matan cada 30 horas\u201d<\/strong>. Asimismo, se reclam\u00f3 justicia por el <strong>femicidio de Sof\u00eda Vicente, ocurrido en Olavarr\u00eda en marzo de 2023, y por otras v\u00edctimas de la violencia de g\u00e9nero en la ciudad: Andrea Trinchero, Magal\u00ed Giangreco, Mar\u00eda Luj\u00e1n Riva De Neira, Nieves Olgu\u00edn y Mara Navarro. De hecho, hubo familiares de Sof\u00eda Vicente, entre otros allegados a las v\u00edctimas.<\/strong><\/p>\n\n\n\n<figure class=\"wp-block-image size-full\"><img data-recalc-dims=\"1\" loading=\"lazy\" decoding=\"async\" width=\"800\" height=\"531\" src=\"https:\/\/i0.wp.com\/cdnoticias.com\/wp-content\/uploads\/2025\/06\/NiUnaMenos10anosOlavarria-29.jpg?resize=800%2C531&#038;ssl=1\" alt=\"\" class=\"wp-image-173116\" srcset=\"https:\/\/i0.wp.com\/cdnoticias.com\/wp-content\/uploads\/2025\/06\/NiUnaMenos10anosOlavarria-29.jpg?w=1024&amp;ssl=1 1024w, https:\/\/i0.wp.com\/cdnoticias.com\/wp-content\/uploads\/2025\/06\/NiUnaMenos10anosOlavarria-29.jpg?resize=300%2C199&amp;ssl=1 300w, https:\/\/i0.wp.com\/cdnoticias.com\/wp-content\/uploads\/2025\/06\/NiUnaMenos10anosOlavarria-29.jpg?resize=768%2C510&amp;ssl=1 768w, https:\/\/i0.wp.com\/cdnoticias.com\/wp-content\/uploads\/2025\/06\/NiUnaMenos10anosOlavarria-29.jpg?resize=272%2C182&amp;ssl=1 272w\" sizes=\"auto, (max-width: 800px) 100vw, 800px\" \/><\/figure>\n\n\n\n<figure class=\"wp-block-image size-full\"><img data-recalc-dims=\"1\" loading=\"lazy\" decoding=\"async\" width=\"800\" height=\"531\" src=\"https:\/\/i0.wp.com\/cdnoticias.com\/wp-content\/uploads\/2025\/06\/NiUnaMenos10anosOlavarria-09.jpg?resize=800%2C531&#038;ssl=1\" alt=\"\" class=\"wp-image-173096\" srcset=\"https:\/\/i0.wp.com\/cdnoticias.com\/wp-content\/uploads\/2025\/06\/NiUnaMenos10anosOlavarria-09.jpg?w=1024&amp;ssl=1 1024w, https:\/\/i0.wp.com\/cdnoticias.com\/wp-content\/uploads\/2025\/06\/NiUnaMenos10anosOlavarria-09.jpg?resize=300%2C199&amp;ssl=1 300w, https:\/\/i0.wp.com\/cdnoticias.com\/wp-content\/uploads\/2025\/06\/NiUnaMenos10anosOlavarria-09.jpg?resize=768%2C510&amp;ssl=1 768w, https:\/\/i0.wp.com\/cdnoticias.com\/wp-content\/uploads\/2025\/06\/NiUnaMenos10anosOlavarria-09.jpg?resize=272%2C182&amp;ssl=1 272w\" sizes=\"auto, (max-width: 800px) 100vw, 800px\" \/><\/figure>\n\n\n\n<p>Adem\u00e1s, se exigi\u00f3 la aparici\u00f3n de Tehuel de la Torre, se reclam\u00f3 justicia por el triple lesbicidio de Barracas y s<strong>e exigi\u00f3 la plena implementaci\u00f3n de la Ley de Educaci\u00f3n Sexual Integral, el acceso efectivo a la Interrupci\u00f3n Voluntaria del Embarazo y el restablecimiento de pol\u00edticas como el Plan ENIA y el Plan Mil D\u00edas.<\/strong><\/p>\n\n\n\n<p>Tambi\u00e9n hubo fuertes cr\u00edticas al ajuste econ\u00f3mico.<strong> Se rechaz\u00f3 la Ley Bases, la reforma laboral, el desfinanciamiento de comedores y la falta de alimentos para sectores vulnerables.<em> \u201cEstamos en emergencia alimentaria. Esta pol\u00edtica de hambre es una pol\u00edtica genocida\u201d<\/em>, sostuvieron.<\/strong><\/p>\n\n\n\n<figure class=\"wp-block-image size-full\"><img data-recalc-dims=\"1\" loading=\"lazy\" decoding=\"async\" width=\"800\" height=\"531\" src=\"https:\/\/i0.wp.com\/cdnoticias.com\/wp-content\/uploads\/2025\/06\/NiUnaMenos10anosOlavarria-34.jpg?resize=800%2C531&#038;ssl=1\" alt=\"\" class=\"wp-image-173121\" srcset=\"https:\/\/i0.wp.com\/cdnoticias.com\/wp-content\/uploads\/2025\/06\/NiUnaMenos10anosOlavarria-34.jpg?w=1024&amp;ssl=1 1024w, https:\/\/i0.wp.com\/cdnoticias.com\/wp-content\/uploads\/2025\/06\/NiUnaMenos10anosOlavarria-34.jpg?resize=300%2C199&amp;ssl=1 300w, https:\/\/i0.wp.com\/cdnoticias.com\/wp-content\/uploads\/2025\/06\/NiUnaMenos10anosOlavarria-34.jpg?resize=768%2C510&amp;ssl=1 768w, https:\/\/i0.wp.com\/cdnoticias.com\/wp-content\/uploads\/2025\/06\/NiUnaMenos10anosOlavarria-34.jpg?resize=272%2C182&amp;ssl=1 272w\" sizes=\"auto, (max-width: 800px) 100vw, 800px\" \/><\/figure>\n\n\n\n<p>En el cierre, <strong>el documento reafirm\u00f3 la continuidad de la lucha colectiva frente al \u201codio y la crueldad del gobierno nacional\u201d y expres\u00f3: <em>\u201cComo hace diez a\u00f1os, cada 3 de junio volvemos a decir con fuerza: Ni Una Menos. Vivas, libres y desendeudadas nos queremos\u201d.<\/em><\/strong><\/p>\n\n\n\n<figure class=\"wp-block-image size-full\"><img data-recalc-dims=\"1\" loading=\"lazy\" decoding=\"async\" width=\"800\" height=\"531\" src=\"https:\/\/i0.wp.com\/cdnoticias.com\/wp-content\/uploads\/2025\/06\/NiUnaMenos10anosOlavarria-28.jpg?resize=800%2C531&#038;ssl=1\" alt=\"\" class=\"wp-image-173115\" srcset=\"https:\/\/i0.wp.com\/cdnoticias.com\/wp-content\/uploads\/2025\/06\/NiUnaMenos10anosOlavarria-28.jpg?w=1024&amp;ssl=1 1024w, https:\/\/i0.wp.com\/cdnoticias.com\/wp-content\/uploads\/2025\/06\/NiUnaMenos10anosOlavarria-28.jpg?resize=300%2C199&amp;ssl=1 300w, https:\/\/i0.wp.com\/cdnoticias.com\/wp-content\/uploads\/2025\/06\/NiUnaMenos10anosOlavarria-28.jpg?resize=768%2C510&amp;ssl=1 768w, https:\/\/i0.wp.com\/cdnoticias.com\/wp-content\/uploads\/2025\/06\/NiUnaMenos10anosOlavarria-28.jpg?resize=272%2C182&amp;ssl=1 272w\" sizes=\"auto, (max-width: 800px) 100vw, 800px\" \/><\/figure>\n\n\n\n<p>La columna de manifestantes recorri\u00f3 las calles con sus tradicionales c\u00e1nticos <em><strong>\u201cNi una menos, vivas nos queremos\u201d<\/strong><\/em>, tuvieron una pasada por la Comisar\u00eda de la Mujer donde <strong>insistieron sus reclamos por los femicidios locales y volvieron al Paseo Jes\u00fas Mend\u00eda, lugar de la concentraci\u00f3n.<\/strong><\/p>\n\n\n<blockquote class=\"wp-embedded-content\" data-secret=\"2YGtHlLIPk\"><a href=\"https:\/\/cdnoticias.com\/index.php\/2025\/06\/03\/la-movilizacion-por-el-ni-una-menos-en-fotos\/\">La movilizaci\u00f3n por el Ni Una Menos, en fotos<\/a><\/blockquote><iframe loading=\"lazy\" class=\"wp-embedded-content\" sandbox=\"allow-scripts\" security=\"restricted\" style=\"position: absolute; visibility: hidden;\" title=\"&#8220;La movilizaci\u00f3n por el Ni Una Menos, en fotos&#8221; &#8212; Central de Noticias | Olavarr\u00eda\" src=\"https:\/\/cdnoticias.com\/index.php\/2025\/06\/03\/la-movilizacion-por-el-ni-una-menos-en-fotos\/embed\/#?secret=KLPFP2F6Eh#?secret=2YGtHlLIPk\" data-secret=\"2YGtHlLIPk\" width=\"600\" height=\"338\" frameborder=\"0\" marginwidth=\"0\" marginheight=\"0\" scrolling=\"no\"><\/iframe>\n","protected":false},"excerpt":{"rendered":"<p>Hubo actividades previas, la lectura del documento y una movilizaci\u00f3n por las calles de Olavarr\u00eda. Exigieron respuestas por los femicidios<\/p>\n","protected":false},"author":2,"featured_media":173119,"comment_status":"closed","ping_status":"closed","sticky":false,"template":"","format":"standard","meta":{"_jetpack_memberships_contains_paid_content":false,"footnotes":""},"categories":[3,1],"tags":[],"class_list":["post-173125","post","type-post","status-publish","format-standard","has-post-thumbnail","hentry","category-genero","category-portada"],"jetpack_featured_media_url":"https:\/\/i0.wp.com\/cdnoticias.com\/wp-content\/uploads\/2025\/06\/NiUnaMenos10anosOlavarria-32.jpg?fit=1024%2C680&ssl=1","jetpack_sharing_enabled":true,"_links":{"self":[{"href":"https:\/\/cdnoticias.com\/index.php\/wp-json\/wp\/v2\/posts\/173125","targetHints":{"allow":["GET"]}}],"collection":[{"href":"https:\/\/cdnoticias.com\/index.php\/wp-json\/wp\/v2\/posts"}],"about":[{"href":"https:\/\/cdnoticias.com\/index.php\/wp-json\/wp\/v2\/types\/post"}],"author":[{"embeddable":true,"href":"https:\/\/cdnoticias.com\/index.php\/wp-json\/wp\/v2\/users\/2"}],"replies":[{"embeddable":true,"href":"https:\/\/cdnoticias.com\/index.php\/wp-json\/wp\/v2\/comments?post=173125"}],"version-history":[{"count":0,"href":"https:\/\/cdnoticias.com\/index.php\/wp-json\/wp\/v2\/posts\/173125\/revisions"}],"wp:featuredmedia":[{"embeddable":true,"href":"https:\/\/cdnoticias.com\/index.php\/wp-json\/wp\/v2\/media\/173119"}],"wp:attachment":[{"href":"https:\/\/cdnoticias.com\/index.php\/wp-json\/wp\/v2\/media?parent=173125"}],"wp:term":[{"taxonomy":"category","embeddable":true,"href":"https:\/\/cdnoticias.com\/index.php\/wp-json\/wp\/v2\/categories?post=173125"},{"taxonomy":"post_tag","embeddable":true,"href":"https:\/\/cdnoticias.com\/index.php\/wp-json\/wp\/v2\/tags?post=173125"}],"curies":[{"name":"wp","href":"https:\/\/api.w.org\/{rel}","templated":true}]}}