{"id":173079,"date":"2025-06-03T19:15:59","date_gmt":"2025-06-03T22:15:59","guid":{"rendered":"https:\/\/cdnoticias.com\/?p=173079"},"modified":"2025-06-03T19:16:01","modified_gmt":"2025-06-03T22:16:01","slug":"conversatorio-sobre-jovenes-escuela-secundaria-y-subjetividades","status":"publish","type":"post","link":"https:\/\/cdnoticias.com\/index.php\/2025\/06\/03\/conversatorio-sobre-jovenes-escuela-secundaria-y-subjetividades\/","title":{"rendered":"Conversatorio sobre \u201cJ\u00f3venes, Escuela Secundaria y Subjetividades\u201d"},"content":{"rendered":"\n<p>El primer encuentro ser\u00e1 este viernes 6 de junio en el Centro Cultural Universitario.<\/p>\n\n\n\n<hr class=\"wp-block-separator aligncenter has-alpha-channel-opacity\"\/>\n\n\n\n<p>El<strong> Centro Cultural Universitario <\/strong>ubicado en San Mart\u00edn 1955, ser\u00e1<strong> sede del primer encuentro del ciclo de conversatorios<\/strong> \u201cEscuela y j\u00f3venes en debate\u201d, una propuesta organizada por el Departamento de Educaci\u00f3n de la <strong>Facultad de Ciencias Sociales <\/strong>de la Universidad Nacional del Centro de la Provincia de Buenos Aires.<\/p>\n\n\n\n<p><\/p>\n\n\n\n<p>El conversatorio, denominado \u201c<strong>J\u00f3venes, Escuela Secundaria y Subjetividades\u201d, <\/strong>se realizar\u00e1 el <strong>viernes 6 de junio desde las 16 horas.<\/strong> A trav\u00e9s de la propuesta se impulsa poner en di\u00e1logo t\u00f3picos, preguntas y discusiones actuales que conectan a la escuela secundaria con quienes la viven d\u00eda a d\u00eda. Se busca incentivar la construcci\u00f3n colectiva de conocimientos que retroalimenten las propuestas de formaci\u00f3n docente.<\/p>\n\n\n\n<p><\/p>\n\n\n\n<blockquote class=\"wp-block-quote is-layout-flow wp-block-quote-is-layout-flow\">\n<p>La jornada est\u00e1 dirigida a estudiantes de FACSO y otras instituciones de formaci\u00f3n docente de Olavarr\u00eda, as\u00ed como a p\u00fablico general interesado en la tem\u00e1tica.<\/p>\n<\/blockquote>\n\n\n\n<p><\/p>\n\n\n\n<p>En este primer encuentro,<strong> a partir de la serie \u201cAdolescencia\u201d, <\/strong>se dialogar\u00e1 acerca de la complejidad desde la que se trazan las trayectorias de intereses y significados de los\/as adolescentes, que no est\u00e1n necesariamente en relaci\u00f3n con las propuestas y b\u00fasquedas escolares.<\/p>\n\n\n\n<p><\/p>\n\n\n\n<p>Por \u00faltimo, en la charla se abordar\u00e1n tres ejes: l<strong>a Educaci\u00f3n Sexual Integral y la construcci\u00f3n de masculinidades, la escuela secundaria y las pol\u00edticas de cuidado y los v\u00ednculos intergeneracionales en el v\u00ednculo pedag\u00f3gico.<\/strong><\/p>\n\n\n\n<p><\/p>\n","protected":false},"excerpt":{"rendered":"<p>El primer encuentro ser\u00e1 este viernes 6 de junio en el Centro Cultural Universitario. El Centro Cultural Universitario ubicado en<\/p>\n","protected":false},"author":6,"featured_media":83263,"comment_status":"closed","ping_status":"closed","sticky":false,"template":"","format":"standard","meta":{"_jetpack_memberships_contains_paid_content":false,"footnotes":""},"categories":[5,1],"tags":[],"class_list":["post-173079","post","type-post","status-publish","format-standard","has-post-thumbnail","hentry","category-informacion-general","category-portada"],"jetpack_featured_media_url":"https:\/\/i0.wp.com\/cdnoticias.com\/wp-content\/uploads\/2023\/04\/Facultad-de-Ciencias-Sociales-1.jpg?fit=2000%2C1159&ssl=1","jetpack_sharing_enabled":true,"_links":{"self":[{"href":"https:\/\/cdnoticias.com\/index.php\/wp-json\/wp\/v2\/posts\/173079","targetHints":{"allow":["GET"]}}],"collection":[{"href":"https:\/\/cdnoticias.com\/index.php\/wp-json\/wp\/v2\/posts"}],"about":[{"href":"https:\/\/cdnoticias.com\/index.php\/wp-json\/wp\/v2\/types\/post"}],"author":[{"embeddable":true,"href":"https:\/\/cdnoticias.com\/index.php\/wp-json\/wp\/v2\/users\/6"}],"replies":[{"embeddable":true,"href":"https:\/\/cdnoticias.com\/index.php\/wp-json\/wp\/v2\/comments?post=173079"}],"version-history":[{"count":0,"href":"https:\/\/cdnoticias.com\/index.php\/wp-json\/wp\/v2\/posts\/173079\/revisions"}],"wp:featuredmedia":[{"embeddable":true,"href":"https:\/\/cdnoticias.com\/index.php\/wp-json\/wp\/v2\/media\/83263"}],"wp:attachment":[{"href":"https:\/\/cdnoticias.com\/index.php\/wp-json\/wp\/v2\/media?parent=173079"}],"wp:term":[{"taxonomy":"category","embeddable":true,"href":"https:\/\/cdnoticias.com\/index.php\/wp-json\/wp\/v2\/categories?post=173079"},{"taxonomy":"post_tag","embeddable":true,"href":"https:\/\/cdnoticias.com\/index.php\/wp-json\/wp\/v2\/tags?post=173079"}],"curies":[{"name":"wp","href":"https:\/\/api.w.org\/{rel}","templated":true}]}}