{"id":173065,"date":"2025-06-03T14:04:54","date_gmt":"2025-06-03T17:04:54","guid":{"rendered":"https:\/\/cdnoticias.com\/?p=173065"},"modified":"2025-06-03T14:04:56","modified_gmt":"2025-06-03T17:04:56","slug":"cambios-en-el-expendio-de-combustible-de-ypf-sera-mas-barato-cargar-luego-de-la-medianoche","status":"publish","type":"post","link":"https:\/\/cdnoticias.com\/index.php\/2025\/06\/03\/cambios-en-el-expendio-de-combustible-de-ypf-sera-mas-barato-cargar-luego-de-la-medianoche\/","title":{"rendered":"Cambios en el expendio de combustible de YPF: ser\u00e1 m\u00e1s barato cargar luego de la medianoche"},"content":{"rendered":"<p>El sistema ser\u00e1 inaugurado este mes en 1.600 estaciones de servicio del pa\u00eds. Comenzar\u00e1 en las grandes ciudades y luego llegar\u00e1 al resto. Adem\u00e1s, autodespacho nocturno.<!--more--><\/p>\n<hr \/>\n<p>El <strong>presidente y CEO de YPF, Horacio Mar\u00edn<\/strong>, confirm\u00f3 que la petrolera pondr\u00e1 en marcha este mes un<strong> sistema de precios diferenciales seg\u00fan banda horaria<\/strong>, lo que le permitir\u00e1 <strong>vender nafta y gasoil m\u00e1s barato despu\u00e9s de la medianoche<\/strong>, que es cuando la demanda baja.<\/p>\n<p>A partir de la utilizaci\u00f3n de la Inteligencia Artificial (IA), la medida <strong>se implementar\u00e1 en unas 1600 estaciones de todo el pa\u00eds a partir del 23 de junio<\/strong>, luego de la inauguraci\u00f3n de <strong>una sala de control que va a monitorear la evoluci\u00f3n del suministro<\/strong> en tiempo real. Este centro ser\u00e1 el primero de habla hispana en su tipo y permitir\u00e1, entre otras cosas, implementar <em>un sistema de micropricing, una herramienta que posibilita ajustar los precios de los combustibles dependiendo del momento del d\u00eda<\/em> y otros factores de demanda.<\/p>\n<p>Durante su presentaci\u00f3n en el evento Energ\u00eda Chubut 2050, Mar\u00edn explic\u00f3 que la empresa estatal <strong>complementar\u00e1 este esquema con el de autodespacho nocturno de combustibles<\/strong> para tener tarifas reducidas como parte de una estrategia para <strong>optimizar sus costos operativos<\/strong> y aprovechar las horas de menor demanda.<\/p>\n<blockquote><p>\u201cSabemos que a las 3 AM no se compra mucha nafta. Por eso vamos a bajar los costos fijos a la noche porque perdemos plata. Hicimos los c\u00e1lculos en casi todas las estaciones de servicio y vamos a bajar los costos de las naftas en esas horas y vamos a poner autoservicio\u201d, asegur\u00f3. \u201cEsto es para que la gente tenga una mejora respecto a los precios. Pero tambi\u00e9n es una mejora para nosotros como compa\u00f1\u00eda\u201d, agreg\u00f3.<\/p><\/blockquote>\n<p>En principio<strong> se aplicar\u00e1 en la Ciudad Aut\u00f3noma de Buenos Aires, en el \u00c1rea Metropolitana (AMBA) y en las grandes ciudades del pa\u00eds,<\/strong> y luego llegar\u00e1 al resto de las estaciones distribuidas en todos los puntos de la Argentina.<\/p>\n<p>Este sistema de precios segmentados se complementar\u00e1 con un <strong>nuevo esquema de autodespacho<\/strong>, mediante el que <strong>los usuarios podr\u00e1n cargar nafta sin intervenci\u00f3n de un operador<\/strong>. As\u00ed, <strong>se reduce la necesidad de personal durante la noche<\/strong>, se optimizan los costos operativos y se ofrece una ventaja econ\u00f3mica directa al consumidor. \u201cVamos a hacer cosas que se hacen en Europa\u201d, afirm\u00f3 Mar\u00edn, al referirse al car\u00e1cter vanguardista del proyecto.<\/p>\n<p>Fuente: <em>Agencia DIB<\/em><\/p>\n","protected":false},"excerpt":{"rendered":"<p>El sistema ser\u00e1 inaugurado este mes en 1.600 estaciones de servicio del pa\u00eds. Comenzar\u00e1 en las grandes ciudades y luego<\/p>\n","protected":false},"author":4,"featured_media":100665,"comment_status":"closed","ping_status":"closed","sticky":false,"template":"","format":"standard","meta":{"_jetpack_memberships_contains_paid_content":false,"footnotes":""},"categories":[6,1],"tags":[],"class_list":["post-173065","post","type-post","status-publish","format-standard","has-post-thumbnail","hentry","category-nacionales","category-portada"],"jetpack_featured_media_url":"https:\/\/i0.wp.com\/cdnoticias.com\/wp-content\/uploads\/2023\/10\/YPF-estacion-de-servicio-combustible-00.jpg?fit=800%2C445&ssl=1","jetpack_sharing_enabled":true,"_links":{"self":[{"href":"https:\/\/cdnoticias.com\/index.php\/wp-json\/wp\/v2\/posts\/173065","targetHints":{"allow":["GET"]}}],"collection":[{"href":"https:\/\/cdnoticias.com\/index.php\/wp-json\/wp\/v2\/posts"}],"about":[{"href":"https:\/\/cdnoticias.com\/index.php\/wp-json\/wp\/v2\/types\/post"}],"author":[{"embeddable":true,"href":"https:\/\/cdnoticias.com\/index.php\/wp-json\/wp\/v2\/users\/4"}],"replies":[{"embeddable":true,"href":"https:\/\/cdnoticias.com\/index.php\/wp-json\/wp\/v2\/comments?post=173065"}],"version-history":[{"count":0,"href":"https:\/\/cdnoticias.com\/index.php\/wp-json\/wp\/v2\/posts\/173065\/revisions"}],"wp:featuredmedia":[{"embeddable":true,"href":"https:\/\/cdnoticias.com\/index.php\/wp-json\/wp\/v2\/media\/100665"}],"wp:attachment":[{"href":"https:\/\/cdnoticias.com\/index.php\/wp-json\/wp\/v2\/media?parent=173065"}],"wp:term":[{"taxonomy":"category","embeddable":true,"href":"https:\/\/cdnoticias.com\/index.php\/wp-json\/wp\/v2\/categories?post=173065"},{"taxonomy":"post_tag","embeddable":true,"href":"https:\/\/cdnoticias.com\/index.php\/wp-json\/wp\/v2\/tags?post=173065"}],"curies":[{"name":"wp","href":"https:\/\/api.w.org\/{rel}","templated":true}]}}