{"id":173049,"date":"2025-06-03T11:13:14","date_gmt":"2025-06-03T14:13:14","guid":{"rendered":"https:\/\/cdnoticias.com\/?p=173049"},"modified":"2025-06-03T16:06:51","modified_gmt":"2025-06-03T19:06:51","slug":"oficializaron-la-suba-de-las-tarifas-gas-para-junio","status":"publish","type":"post","link":"https:\/\/cdnoticias.com\/index.php\/2025\/06\/03\/oficializaron-la-suba-de-las-tarifas-gas-para-junio\/","title":{"rendered":"Oficializaron la suba de las tarifas gas para junio"},"content":{"rendered":"<p>Las boletas de gas natural subir\u00e1n en promedio 6,45%, dependiendo de la zona del pa\u00eds. Refuerzo para el fondo que financia a las zonas fr\u00edas. Tambi\u00e9n se dispuso aumento en la luz para AMBA.<!--more--><\/p>\n<hr \/>\n<p>El<strong> Gobierno nacional<\/strong> oficializ\u00f3 que, <strong>a partir de este mes<\/strong>, las<strong> tarifas de luz tendr\u00e1n un aumento del 2,82% en CABA y Gran Buenos Aires<\/strong>, mientras que las <strong>boletas del gas natural subir\u00e1n en promedio un 6,45%<\/strong>, dependiendo de la zona del pa\u00eds.<\/p>\n<p>El <strong>Ente Nacional Regulador del Gas (ENARGAS)<\/strong> sancion\u00f3 este martes en el Bolet\u00edn Oficial en la <strong>Resoluci\u00f3n 338\/2025<\/strong>: \u201cInstruir a las prestadoras del servicio de distribuci\u00f3n a <strong>aplicar, por cada metro c\u00fabico de 9300 kilocalor\u00edas facturado a sus usuarios de servicio completo, un recargo<\/strong> que se determinar\u00e1 aplicando, al precio del gas natural en el Punto de Ingreso al Sistema de Transporte (PIST), los porcentajes por subzona\u201d.<\/p>\n<blockquote><p>La Resoluci\u00f3n 338\/2025 instruye a las distribuidoras a aplicar, por cada metro c\u00fabico de gas natural facturado, un recargo determinado por subzona tarifaria. El porcentaje base del recargo se fij\u00f3 en 6,20% sobre el precio del gas en el Punto de Ingreso al Sistema de Transporte (PIST), conforme lo dispuesto por el Ministerio de Econom\u00eda en la Resoluci\u00f3n 718\/2025.<\/p><\/blockquote>\n<p><img data-recalc-dims=\"1\" loading=\"lazy\" decoding=\"async\" class=\"alignnone size-full wp-image-117758 aligncenter\" src=\"https:\/\/i0.wp.com\/cdnoticias.com\/wp-content\/uploads\/2024\/06\/calefaccion-a-gas-calefactor.jpg?resize=800%2C446&#038;ssl=1\" alt=\"\" width=\"800\" height=\"446\" srcset=\"https:\/\/i0.wp.com\/cdnoticias.com\/wp-content\/uploads\/2024\/06\/calefaccion-a-gas-calefactor.jpg?w=800&amp;ssl=1 800w, https:\/\/i0.wp.com\/cdnoticias.com\/wp-content\/uploads\/2024\/06\/calefaccion-a-gas-calefactor.jpg?resize=300%2C167&amp;ssl=1 300w, https:\/\/i0.wp.com\/cdnoticias.com\/wp-content\/uploads\/2024\/06\/calefaccion-a-gas-calefactor.jpg?resize=768%2C428&amp;ssl=1 768w\" sizes=\"auto, (max-width: 800px) 100vw, 800px\" \/><\/p>\n<p>A trav\u00e9s de la suba, el Ministerio de Econom\u00eda apunta a <strong>reforzar el Fondo Fiduciario para Subsidios de Consumos Residenciales de Gas<\/strong>, el cual abarca parte del costo del servicio en aquellas <strong>zonas geogr\u00e1ficas que requieren mayores niveles de calefacci\u00f3n por sus condiciones clim\u00e1ticas<\/strong>. El incremento cubre a <strong>todos los consumidores del pa\u00eds<\/strong>, sin distinci\u00f3n de categor\u00eda o ubicaci\u00f3n, a trav\u00e9s de los cuadros tarifarios vigentes.<\/p>\n<p>De este modo, el Gobierno contin\u00faa con su <strong>plan de aumento de tarifas de gas<\/strong> para cumplir con la <strong>reestructuraci\u00f3n del sector energ\u00e9tico<\/strong>, en el marco de la emergencia decretada por el Poder Ejecutivo. Desde los \u00faltimos meses, el Estado nacional se encuentra <strong>\u201cimposibilitado de continuar realizando dichos aportes que funcionaron como un subsidio generalizado a toda la demanda\u201d<\/strong>.<\/p>\n<h3>Electricidad<\/h3>\n<p>En sinton\u00eda con la suba tarifaria del gas, tambi\u00e9n se decretaron<strong> aumentos para el servicio el\u00e9ctrico<\/strong> aunque desde <em>el Gobierno Nacional s\u00f3lo tienen injerencia directa en las prestadoras que abarcan CABA y el conurbano bonaerense.<\/em><\/p>\n<p>A trav\u00e9s de la <strong>Resoluci\u00f3n 400\/2025<\/strong>, el <strong>Ente Nacional Regulador de la Electricidad (ENRE)<\/strong> aprob\u00f3 los valores por categor\u00eda o subcategor\u00eda del <strong>Costo Propio de Distribuci\u00f3n (CPD) de la empresa Edesur<\/strong>, mientras que por medio de la <strong>Resoluci\u00f3n 401\/2025<\/strong> hizo lo propio para quienes formen parte de<strong> Edenor<\/strong>. De esa manera, la nueva normativa en las tarifas abarcar\u00e1 a la ciudad de Buenos Aires y algunos puntos del conurbano bonaerense.<\/p>\n<p><img data-recalc-dims=\"1\" loading=\"lazy\" decoding=\"async\" class=\"alignnone size-full wp-image-134040 aligncenter\" src=\"https:\/\/i0.wp.com\/cdnoticias.com\/wp-content\/uploads\/2025\/01\/DIB-luz-focos-electricidad.jpg?resize=630%2C420&#038;ssl=1\" alt=\"\" width=\"630\" height=\"420\" srcset=\"https:\/\/i0.wp.com\/cdnoticias.com\/wp-content\/uploads\/2025\/01\/DIB-luz-focos-electricidad.jpg?w=630&amp;ssl=1 630w, https:\/\/i0.wp.com\/cdnoticias.com\/wp-content\/uploads\/2025\/01\/DIB-luz-focos-electricidad.jpg?resize=300%2C200&amp;ssl=1 300w, https:\/\/i0.wp.com\/cdnoticias.com\/wp-content\/uploads\/2025\/01\/DIB-luz-focos-electricidad.jpg?resize=272%2C182&amp;ssl=1 272w\" sizes=\"auto, (max-width: 630px) 100vw, 630px\" \/><\/p>\n<p>El ENRE estableci\u00f3 que el Costo Propio de Distribuci\u00f3n (CPD) <strong>se ajustar\u00e1 en un 2,82%<\/strong> respecto de los valores vigentes a mayo de 2025, considerando la evoluci\u00f3n de los \u00edndices de precios mayoristas y al consumidor publicados por el INDEC.<\/p>\n<blockquote><p>Seg\u00fan el texto, \u201clas variaciones registradas en el nivel general del \u00cdndice de Precios Internos al por Mayor (IPIM) y en el nivel general del \u00cdndice de Precios al Consumidor (IPC), publicados por el INDEC, en el mes de abril de 2025 resultaron del 2,83% y 2,78% respectivamente\u201d. Aplicando la f\u00f3rmula de actualizaci\u00f3n, el ajuste del CPD es del 2,82%.<\/p><\/blockquote>\n<p>La resoluci\u00f3n detalla que los nuevos cuadros tarifarios contemplan <strong>diferentes categor\u00edas de usuarios<\/strong>. Se aprobaron tarifas espec\u00edficas para usuarios residenciales de Nivel 1, Nivel 2 y Nivel 3, as\u00ed como para aquellos que no cuentan con acceso a gas natural o gas propano en zonas fr\u00edas. Adem\u00e1s, se fijaron tarifas diferenciadas para clubes de barrio y de pueblo, entidades de bien p\u00fablico y usuarios-generadores que inyectan energ\u00eda a la red.<\/p>\n<p>Fuente: <em>Agencia DIB<\/em><\/p>\n","protected":false},"excerpt":{"rendered":"<p>Las boletas de gas natural subir\u00e1n en promedio 6,45%, dependiendo de la zona del pa\u00eds. Refuerzo para el fondo que<\/p>\n","protected":false},"author":4,"featured_media":39478,"comment_status":"closed","ping_status":"closed","sticky":false,"template":"","format":"standard","meta":{"_jetpack_memberships_contains_paid_content":false,"footnotes":""},"categories":[6,1],"tags":[],"class_list":["post-173049","post","type-post","status-publish","format-standard","has-post-thumbnail","hentry","category-nacionales","category-portada"],"jetpack_featured_media_url":"https:\/\/i0.wp.com\/cdnoticias.com\/wp-content\/uploads\/2021\/11\/telam-gas-cocina-602e529f60175_900.jpg?fit=900%2C506&ssl=1","jetpack_sharing_enabled":true,"_links":{"self":[{"href":"https:\/\/cdnoticias.com\/index.php\/wp-json\/wp\/v2\/posts\/173049","targetHints":{"allow":["GET"]}}],"collection":[{"href":"https:\/\/cdnoticias.com\/index.php\/wp-json\/wp\/v2\/posts"}],"about":[{"href":"https:\/\/cdnoticias.com\/index.php\/wp-json\/wp\/v2\/types\/post"}],"author":[{"embeddable":true,"href":"https:\/\/cdnoticias.com\/index.php\/wp-json\/wp\/v2\/users\/4"}],"replies":[{"embeddable":true,"href":"https:\/\/cdnoticias.com\/index.php\/wp-json\/wp\/v2\/comments?post=173049"}],"version-history":[{"count":0,"href":"https:\/\/cdnoticias.com\/index.php\/wp-json\/wp\/v2\/posts\/173049\/revisions"}],"wp:featuredmedia":[{"embeddable":true,"href":"https:\/\/cdnoticias.com\/index.php\/wp-json\/wp\/v2\/media\/39478"}],"wp:attachment":[{"href":"https:\/\/cdnoticias.com\/index.php\/wp-json\/wp\/v2\/media?parent=173049"}],"wp:term":[{"taxonomy":"category","embeddable":true,"href":"https:\/\/cdnoticias.com\/index.php\/wp-json\/wp\/v2\/categories?post=173049"},{"taxonomy":"post_tag","embeddable":true,"href":"https:\/\/cdnoticias.com\/index.php\/wp-json\/wp\/v2\/tags?post=173049"}],"curies":[{"name":"wp","href":"https:\/\/api.w.org\/{rel}","templated":true}]}}