{"id":173038,"date":"2025-06-03T08:36:14","date_gmt":"2025-06-03T11:36:14","guid":{"rendered":"https:\/\/cdnoticias.com\/?p=173038"},"modified":"2025-06-03T08:36:15","modified_gmt":"2025-06-03T11:36:15","slug":"juan-ivan-sosa-q-e-p-d","status":"publish","type":"post","link":"https:\/\/cdnoticias.com\/index.php\/2025\/06\/03\/juan-ivan-sosa-q-e-p-d\/","title":{"rendered":"Juan Iv\u00e1n Sosa (Q.E.P.D.)"},"content":{"rendered":"<p>Falleci\u00f3 en Olavarr\u00eda el 2 de junio de 2025 a los 30 a\u00f1os. Su compa\u00f1era Karen Benito. Su hijo Dylan Sosa. Sus padres Claudia S\u00e1nchez y Vicente Sosa. Sus hermanos Jos\u00e9 y Carlos Sosa, y Marta S\u00e1nchez. Su hermano pol\u00edtico Fabi\u00e1n Dom\u00ednguez. Sus sobrinos \u00c1ngel, Josefina, Thiago, Kiara, Oriana, Mateo, Candela, Lucila, Cielo, Nathan y Evalis; y dem\u00e1s deudos participan su fallecimiento.<\/p>\n<p>Sus restos ser\u00e1n velados en la Sala de Espa\u00f1a 2942 departamento \u201cC\u201d, con responso en la Capilla Ardiente, e inhumados en el Cementerio Loma de Paz este martes 3 de junio a las 14:30 horas.<\/p>\n<p>Nacido en Olavarr\u00eda, vecino de barrio Hip\u00f3lito Yrigoyen, empleado.<\/p>\n","protected":false},"excerpt":{"rendered":"<p>Falleci\u00f3 en Olavarr\u00eda el 2 de junio de 2025 a los 30 a\u00f1os. Su compa\u00f1era Karen Benito. Su hijo Dylan<\/p>\n","protected":false},"author":4,"featured_media":51544,"comment_status":"closed","ping_status":"closed","sticky":false,"template":"","format":"standard","meta":{"_jetpack_memberships_contains_paid_content":false,"footnotes":""},"categories":[10],"tags":[],"class_list":["post-173038","post","type-post","status-publish","format-standard","has-post-thumbnail","hentry","category-necrologicas"],"jetpack_featured_media_url":"https:\/\/i0.wp.com\/cdnoticias.com\/wp-content\/uploads\/2022\/04\/necrologicas-390-x-240.jpg?fit=390%2C240&ssl=1","jetpack_sharing_enabled":true,"_links":{"self":[{"href":"https:\/\/cdnoticias.com\/index.php\/wp-json\/wp\/v2\/posts\/173038","targetHints":{"allow":["GET"]}}],"collection":[{"href":"https:\/\/cdnoticias.com\/index.php\/wp-json\/wp\/v2\/posts"}],"about":[{"href":"https:\/\/cdnoticias.com\/index.php\/wp-json\/wp\/v2\/types\/post"}],"author":[{"embeddable":true,"href":"https:\/\/cdnoticias.com\/index.php\/wp-json\/wp\/v2\/users\/4"}],"replies":[{"embeddable":true,"href":"https:\/\/cdnoticias.com\/index.php\/wp-json\/wp\/v2\/comments?post=173038"}],"version-history":[{"count":0,"href":"https:\/\/cdnoticias.com\/index.php\/wp-json\/wp\/v2\/posts\/173038\/revisions"}],"wp:featuredmedia":[{"embeddable":true,"href":"https:\/\/cdnoticias.com\/index.php\/wp-json\/wp\/v2\/media\/51544"}],"wp:attachment":[{"href":"https:\/\/cdnoticias.com\/index.php\/wp-json\/wp\/v2\/media?parent=173038"}],"wp:term":[{"taxonomy":"category","embeddable":true,"href":"https:\/\/cdnoticias.com\/index.php\/wp-json\/wp\/v2\/categories?post=173038"},{"taxonomy":"post_tag","embeddable":true,"href":"https:\/\/cdnoticias.com\/index.php\/wp-json\/wp\/v2\/tags?post=173038"}],"curies":[{"name":"wp","href":"https:\/\/api.w.org\/{rel}","templated":true}]}}