{"id":173020,"date":"2025-06-02T20:03:07","date_gmt":"2025-06-02T23:03:07","guid":{"rendered":"https:\/\/cdnoticias.com\/?p=173020"},"modified":"2025-06-03T08:59:34","modified_gmt":"2025-06-03T11:59:34","slug":"a-puertas-cerradas-ferro-jugara-los-24-minutos-restantes-ante-lilan","status":"publish","type":"post","link":"https:\/\/cdnoticias.com\/index.php\/2025\/06\/02\/a-puertas-cerradas-ferro-jugara-los-24-minutos-restantes-ante-lilan\/","title":{"rendered":"A puertas cerradas, Ferro jugar\u00e1 los 24 minutos restantes ante Lil\u00e1n"},"content":{"rendered":"\n<p>El encuentro se suspendi\u00f3 a los 21 minutos del segundo tiempo por la lesi\u00f3n de El\u00edas Romero. Se desarrollar\u00e1 el mi\u00e9rcoles a las 16:00 horas en Embajadores. De persistir la igualdad, habr\u00e1 penales.<\/p>\n\n\n\n<hr class=\"wp-block-separator aligncenter has-alpha-channel-opacity\"\/>\n\n\n\n<p>Finalmente, se confirm\u00f3 la fecha en la que se decidir\u00e1 el \u00faltimo clasificado a las semifinales del Torneo Interligas 2025, organizado por la Uni\u00f3n Deportiva Regional: <strong>Ferro y Lil\u00e1n completar\u00e1n los 24 minutos restantes este mi\u00e9rcoles desde las 16:00 horas.<\/strong><\/p>\n\n\n\n<figure class=\"wp-block-image size-full\"><img data-recalc-dims=\"1\" loading=\"lazy\" decoding=\"async\" width=\"800\" height=\"534\" src=\"https:\/\/i0.wp.com\/cdnoticias.com\/wp-content\/uploads\/2025\/06\/FerroLilanInterligas-03.jpg?resize=800%2C534&#038;ssl=1\" alt=\"\" class=\"wp-image-173023\" srcset=\"https:\/\/i0.wp.com\/cdnoticias.com\/wp-content\/uploads\/2025\/06\/FerroLilanInterligas-03.jpg?w=1024&amp;ssl=1 1024w, https:\/\/i0.wp.com\/cdnoticias.com\/wp-content\/uploads\/2025\/06\/FerroLilanInterligas-03.jpg?resize=300%2C200&amp;ssl=1 300w, https:\/\/i0.wp.com\/cdnoticias.com\/wp-content\/uploads\/2025\/06\/FerroLilanInterligas-03.jpg?resize=768%2C513&amp;ssl=1 768w, https:\/\/i0.wp.com\/cdnoticias.com\/wp-content\/uploads\/2025\/06\/FerroLilanInterligas-03.jpg?resize=272%2C182&amp;ssl=1 272w\" sizes=\"auto, (max-width: 800px) 100vw, 800px\" \/><\/figure>\n\n\n\n<figure class=\"wp-block-image size-full\"><img data-recalc-dims=\"1\" loading=\"lazy\" decoding=\"async\" width=\"800\" height=\"534\" src=\"https:\/\/i0.wp.com\/cdnoticias.com\/wp-content\/uploads\/2025\/06\/FerroLilanInterligas-04.jpg?resize=800%2C534&#038;ssl=1\" alt=\"\" class=\"wp-image-173024\" srcset=\"https:\/\/i0.wp.com\/cdnoticias.com\/wp-content\/uploads\/2025\/06\/FerroLilanInterligas-04.jpg?w=1024&amp;ssl=1 1024w, https:\/\/i0.wp.com\/cdnoticias.com\/wp-content\/uploads\/2025\/06\/FerroLilanInterligas-04.jpg?resize=300%2C200&amp;ssl=1 300w, https:\/\/i0.wp.com\/cdnoticias.com\/wp-content\/uploads\/2025\/06\/FerroLilanInterligas-04.jpg?resize=768%2C513&amp;ssl=1 768w, https:\/\/i0.wp.com\/cdnoticias.com\/wp-content\/uploads\/2025\/06\/FerroLilanInterligas-04.jpg?resize=272%2C182&amp;ssl=1 272w\" sizes=\"auto, (max-width: 800px) 100vw, 800px\" \/><\/figure>\n\n\n\n<p>Vale recordar que<strong> el partido se suspendi\u00f3 a los 21 minutos del segundo tiempo por una jugada desafortunada en la que El\u00edas Romero result\u00f3 con un fuerte golpe y tras varios minutos de incertidumbre en el campo de juego el pasado s\u00e1bado (dado que perdi\u00f3 la consciencia), debi\u00f3 ser trasladado de urgencia al Hospital Municipal.<\/strong><\/p>\n\n\n\n<p>Afortunadamente, no pas\u00f3 de un susto y finalmente se conoci\u00f3 que <strong>tuvo una fractura de tabique.<\/strong><\/p>\n\n\n\n<p>Se aclar\u00f3 que <strong>el partido ser\u00e1 en cancha de Embajadores, en dos tiempos de 12 minutos y a puertas cerradas.<\/strong><\/p>\n\n\n\n<figure class=\"wp-block-image size-full\"><img data-recalc-dims=\"1\" loading=\"lazy\" decoding=\"async\" width=\"800\" height=\"534\" src=\"https:\/\/i0.wp.com\/cdnoticias.com\/wp-content\/uploads\/2025\/06\/FerroLilanInterligas-01.jpg?resize=800%2C534&#038;ssl=1\" alt=\"\" class=\"wp-image-173021\" srcset=\"https:\/\/i0.wp.com\/cdnoticias.com\/wp-content\/uploads\/2025\/06\/FerroLilanInterligas-01.jpg?w=1024&amp;ssl=1 1024w, https:\/\/i0.wp.com\/cdnoticias.com\/wp-content\/uploads\/2025\/06\/FerroLilanInterligas-01.jpg?resize=300%2C200&amp;ssl=1 300w, https:\/\/i0.wp.com\/cdnoticias.com\/wp-content\/uploads\/2025\/06\/FerroLilanInterligas-01.jpg?resize=768%2C512&amp;ssl=1 768w, https:\/\/i0.wp.com\/cdnoticias.com\/wp-content\/uploads\/2025\/06\/FerroLilanInterligas-01.jpg?resize=272%2C182&amp;ssl=1 272w\" sizes=\"auto, (max-width: 800px) 100vw, 800px\" \/><\/figure>\n\n\n\n<p>El partido de ida fue 1-1 y al momento de la suspensi\u00f3n, iban 0-0.<strong> De persistir la igualdad, se decidir\u00e1 al \u00faltimo semifinalista del Interligas por medio de los penales.<\/strong><\/p>\n\n\n\n<figure class=\"wp-block-embed is-type-wp-embed is-provider-central-de-noticias-olavarr-a wp-block-embed-central-de-noticias-olavarr-a\"><div class=\"wp-block-embed__wrapper\">\n<blockquote class=\"wp-embedded-content\" data-secret=\"l1zCCWN1Lw\"><a href=\"https:\/\/cdnoticias.com\/index.php\/2025\/05\/31\/ferro-lilan-un-jugador-perdio-el-conocimiento-y-debio-ser-trasladado-de-urgencia\/\">Ferro -Lil\u00e1n: un jugador perdi\u00f3 el conocimiento y debi\u00f3 ser trasladado de urgencia<\/a><\/blockquote><iframe loading=\"lazy\" class=\"wp-embedded-content\" sandbox=\"allow-scripts\" security=\"restricted\" style=\"position: absolute; visibility: hidden;\" title=\"&#8220;Ferro -Lil\u00e1n: un jugador perdi\u00f3 el conocimiento y debi\u00f3 ser trasladado de urgencia&#8221; &#8212; Central de Noticias | Olavarr\u00eda\" src=\"https:\/\/cdnoticias.com\/index.php\/2025\/05\/31\/ferro-lilan-un-jugador-perdio-el-conocimiento-y-debio-ser-trasladado-de-urgencia\/embed\/#?secret=5Vf8AxGGaH#?secret=l1zCCWN1Lw\" data-secret=\"l1zCCWN1Lw\" width=\"600\" height=\"338\" frameborder=\"0\" marginwidth=\"0\" marginheight=\"0\" scrolling=\"no\"><\/iframe>\n<\/div><\/figure>\n\n\n\n<figure class=\"wp-block-embed is-type-wp-embed is-provider-central-de-noticias-olavarr-a wp-block-embed-central-de-noticias-olavarr-a\"><div class=\"wp-block-embed__wrapper\">\n<blockquote class=\"wp-embedded-content\" data-secret=\"0CVL086XRk\"><a href=\"https:\/\/cdnoticias.com\/index.php\/2025\/05\/31\/se-encuentra-estable-el-jugador-de-lilan-herido-en-el-partido-con-ferro\/\">Se encuentra estable el jugador de Lil\u00e1n herido en el partido con Ferro<\/a><\/blockquote><iframe loading=\"lazy\" class=\"wp-embedded-content\" sandbox=\"allow-scripts\" security=\"restricted\" style=\"position: absolute; visibility: hidden;\" title=\"&#8220;Se encuentra estable el jugador de Lil\u00e1n herido en el partido con Ferro&#8221; &#8212; Central de Noticias | Olavarr\u00eda\" src=\"https:\/\/cdnoticias.com\/index.php\/2025\/05\/31\/se-encuentra-estable-el-jugador-de-lilan-herido-en-el-partido-con-ferro\/embed\/#?secret=2KZt7xcMyJ#?secret=0CVL086XRk\" data-secret=\"0CVL086XRk\" width=\"600\" height=\"338\" frameborder=\"0\" marginwidth=\"0\" marginheight=\"0\" scrolling=\"no\"><\/iframe>\n<\/div><\/figure>\n\n\n\n<figure class=\"wp-block-embed is-type-wp-embed is-provider-central-de-noticias-olavarr-a wp-block-embed-central-de-noticias-olavarr-a\"><div class=\"wp-block-embed__wrapper\">\n<blockquote class=\"wp-embedded-content\" data-secret=\"6LkbKgigJ3\"><a href=\"https:\/\/cdnoticias.com\/index.php\/2025\/06\/01\/torneo-interligas-el-jugador-herido-de-lilan-ya-se-encuentra-en-laprida\/\">Torneo Interligas: El jugador herido de Lil\u00e1n ya se encuentra en Laprida<\/a><\/blockquote><iframe loading=\"lazy\" class=\"wp-embedded-content\" sandbox=\"allow-scripts\" security=\"restricted\" style=\"position: absolute; visibility: hidden;\" title=\"&#8220;Torneo Interligas: El jugador herido de Lil\u00e1n ya se encuentra en Laprida&#8221; &#8212; Central de Noticias | Olavarr\u00eda\" src=\"https:\/\/cdnoticias.com\/index.php\/2025\/06\/01\/torneo-interligas-el-jugador-herido-de-lilan-ya-se-encuentra-en-laprida\/embed\/#?secret=aBXqWZPS2A#?secret=6LkbKgigJ3\" data-secret=\"6LkbKgigJ3\" width=\"600\" height=\"338\" frameborder=\"0\" marginwidth=\"0\" marginheight=\"0\" scrolling=\"no\"><\/iframe>\n<\/div><\/figure>\n","protected":false},"excerpt":{"rendered":"<p>El encuentro se suspendi\u00f3 a los 21 minutos del segundo tiempo por la lesi\u00f3n de El\u00edas Romero. Se desarrollar\u00e1 el<\/p>\n","protected":false},"author":2,"featured_media":173022,"comment_status":"closed","ping_status":"closed","sticky":false,"template":"","format":"standard","meta":{"_jetpack_memberships_contains_paid_content":false,"footnotes":""},"categories":[29,35],"tags":[],"class_list":["post-173020","post","type-post","status-publish","format-standard","has-post-thumbnail","hentry","category-deportes","category-futbol"],"jetpack_featured_media_url":"https:\/\/i0.wp.com\/cdnoticias.com\/wp-content\/uploads\/2025\/06\/FerroLilanInterligas-02.jpg?fit=1024%2C683&ssl=1","jetpack_sharing_enabled":true,"_links":{"self":[{"href":"https:\/\/cdnoticias.com\/index.php\/wp-json\/wp\/v2\/posts\/173020","targetHints":{"allow":["GET"]}}],"collection":[{"href":"https:\/\/cdnoticias.com\/index.php\/wp-json\/wp\/v2\/posts"}],"about":[{"href":"https:\/\/cdnoticias.com\/index.php\/wp-json\/wp\/v2\/types\/post"}],"author":[{"embeddable":true,"href":"https:\/\/cdnoticias.com\/index.php\/wp-json\/wp\/v2\/users\/2"}],"replies":[{"embeddable":true,"href":"https:\/\/cdnoticias.com\/index.php\/wp-json\/wp\/v2\/comments?post=173020"}],"version-history":[{"count":0,"href":"https:\/\/cdnoticias.com\/index.php\/wp-json\/wp\/v2\/posts\/173020\/revisions"}],"wp:featuredmedia":[{"embeddable":true,"href":"https:\/\/cdnoticias.com\/index.php\/wp-json\/wp\/v2\/media\/173022"}],"wp:attachment":[{"href":"https:\/\/cdnoticias.com\/index.php\/wp-json\/wp\/v2\/media?parent=173020"}],"wp:term":[{"taxonomy":"category","embeddable":true,"href":"https:\/\/cdnoticias.com\/index.php\/wp-json\/wp\/v2\/categories?post=173020"},{"taxonomy":"post_tag","embeddable":true,"href":"https:\/\/cdnoticias.com\/index.php\/wp-json\/wp\/v2\/tags?post=173020"}],"curies":[{"name":"wp","href":"https:\/\/api.w.org\/{rel}","templated":true}]}}