{"id":173017,"date":"2025-06-02T19:20:23","date_gmt":"2025-06-02T22:20:23","guid":{"rendered":"https:\/\/cdnoticias.com\/?p=173017"},"modified":"2025-06-02T19:20:25","modified_gmt":"2025-06-02T22:20:25","slug":"por-que-la-bendicion-a-la-familia","status":"publish","type":"post","link":"https:\/\/cdnoticias.com\/index.php\/2025\/06\/02\/por-que-la-bendicion-a-la-familia\/","title":{"rendered":"\u00bfPor qu\u00e9 la bendici\u00f3n a la familia?"},"content":{"rendered":"\n<p>El 15 de junio se realizar\u00e1 en el Club Racing un multitudinario encuentro espiritual con oraciones, mensajes y promesas de restauraci\u00f3n. El evento est\u00e1 abierto a toda la comunidad.<\/p>\n\n\n\n<hr class=\"wp-block-separator aligncenter has-alpha-channel-opacity\"\/>\n\n\n\n<p>El pr\u00f3ximo domingo 15 de junio, <strong>el polideportivo del Club Racing ser\u00e1 escenario de<em> \u201cLa Bendici\u00f3n a la Familia\u201d<\/em>, un encuentro de fe que promete reunir a miles de personas con un mensaje de esperanza, unidad y transformaci\u00f3n.<\/strong><\/p>\n\n\n\n<p>Organizado con el objetivo de<strong> fortalecer a las familias olavarrienses, el evento busca ser un espacio donde los asistentes puedan experimentar paz interior, recibir oraciones y renovar su v\u00ednculo con Dios.<\/strong> <em>\u201cSer\u00e1 la noche del inicio del cumplimiento de los sue\u00f1os de muchos olavarrienses\u201d,<\/em> aseguran los organizadores.<\/p>\n\n\n\n<figure class=\"wp-block-image size-full\"><img data-recalc-dims=\"1\" loading=\"lazy\" decoding=\"async\" width=\"800\" height=\"630\" src=\"https:\/\/i0.wp.com\/cdnoticias.com\/wp-content\/uploads\/2025\/05\/bendicion-de-la-familia-01.jpg?resize=800%2C630&#038;ssl=1\" alt=\"\" class=\"wp-image-171858\" srcset=\"https:\/\/i0.wp.com\/cdnoticias.com\/wp-content\/uploads\/2025\/05\/bendicion-de-la-familia-01.jpg?w=800&amp;ssl=1 800w, https:\/\/i0.wp.com\/cdnoticias.com\/wp-content\/uploads\/2025\/05\/bendicion-de-la-familia-01.jpg?resize=300%2C236&amp;ssl=1 300w, https:\/\/i0.wp.com\/cdnoticias.com\/wp-content\/uploads\/2025\/05\/bendicion-de-la-familia-01.jpg?resize=768%2C605&amp;ssl=1 768w\" sizes=\"auto, (max-width: 800px) 100vw, 800px\" \/><\/figure>\n\n\n\n<p>Basados en la promesa b\u00edblica de Mateo 18:20 \u2014<em><strong>\u201cdonde hay dos o tres reunidos en Su nombre, all\u00ed est\u00e1 Jes\u00fas en medio de ellos\u201d<\/strong><\/em>\u2014, el encuentro invita a toda la comunidad a participar de un momento de fe colectivo. N<strong>o ser\u00e1 solo una reuni\u00f3n espiritual, sino una convocatoria con impacto emocional y social, donde se espera que muchas personas encuentren sanaci\u00f3n, liberaci\u00f3n y consuelo.<\/strong><\/p>\n\n\n\n<blockquote class=\"wp-block-quote is-layout-flow wp-block-quote-is-layout-flow\">\n<p>Desde la organizaci\u00f3n destacan que ser\u00e1 un espacio especialmente pensado para quienes atraviesan momentos dif\u00edciles, como la depresi\u00f3n, el estr\u00e9s, enfermedades o pensamientos de desesperanza.<\/p>\n<\/blockquote>\n\n\n\n<p>La experiencia de<strong>l a\u00f1o pasado en el Teatro Municipal dej\u00f3 una huella en la ciudad, y esta nueva edici\u00f3n en un espacio mayor busca amplificar ese mensaje.<\/strong><\/p>\n\n\n\n<figure class=\"wp-block-embed is-type-wp-embed is-provider-central-de-noticias-olavarr-a wp-block-embed-central-de-noticias-olavarr-a\"><div class=\"wp-block-embed__wrapper\">\n<blockquote class=\"wp-embedded-content\" data-secret=\"tNVrrDTyRL\"><a href=\"https:\/\/cdnoticias.com\/index.php\/2024\/12\/08\/olavarria-se-abrio-a-la-fe\/\">\u201cOlavarr\u00eda se abri\u00f3 a la fe\u201d<\/a><\/blockquote><iframe loading=\"lazy\" class=\"wp-embedded-content\" sandbox=\"allow-scripts\" security=\"restricted\" style=\"position: absolute; visibility: hidden;\" title=\"&#8220;\u201cOlavarr\u00eda se abri\u00f3 a la fe\u201d&#8221; &#8212; Central de Noticias | Olavarr\u00eda\" src=\"https:\/\/cdnoticias.com\/index.php\/2024\/12\/08\/olavarria-se-abrio-a-la-fe\/embed\/#?secret=opBaUEgXZV#?secret=tNVrrDTyRL\" data-secret=\"tNVrrDTyRL\" width=\"600\" height=\"338\" frameborder=\"0\" marginwidth=\"0\" marginheight=\"0\" scrolling=\"no\"><\/iframe>\n<\/div><\/figure>\n\n\n\n<p><strong>Quienes necesiten acompa\u00f1amiento espiritual, consejer\u00eda, oraci\u00f3n o traslado al evento pueden comunicarse v\u00eda WhatsApp al 2284-723880 o consultar las redes sociales oficiales del evento.<\/strong><\/p>\n\n\n\n<p><em>\u201cSer\u00e1 una noche de buenas noticias, abierta a todos los que deseen acercarse y recibir la bendici\u00f3n de Dios sobre sus familias\u201d,<\/em> afirman los organizadores.<\/p>\n\n\n\n<p><\/p>\n","protected":false},"excerpt":{"rendered":"<p>El 15 de junio se realizar\u00e1 en el Club Racing un multitudinario encuentro espiritual con oraciones, mensajes y promesas de<\/p>\n","protected":false},"author":2,"featured_media":132116,"comment_status":"closed","ping_status":"closed","sticky":false,"template":"","format":"standard","meta":{"_jetpack_memberships_contains_paid_content":false,"footnotes":""},"categories":[5,1],"tags":[],"class_list":["post-173017","post","type-post","status-publish","format-standard","has-post-thumbnail","hentry","category-informacion-general","category-portada"],"jetpack_featured_media_url":"https:\/\/i0.wp.com\/cdnoticias.com\/wp-content\/uploads\/2024\/12\/hojman-bendicion-de-la-familia-03.jpg?fit=800%2C445&ssl=1","jetpack_sharing_enabled":true,"_links":{"self":[{"href":"https:\/\/cdnoticias.com\/index.php\/wp-json\/wp\/v2\/posts\/173017","targetHints":{"allow":["GET"]}}],"collection":[{"href":"https:\/\/cdnoticias.com\/index.php\/wp-json\/wp\/v2\/posts"}],"about":[{"href":"https:\/\/cdnoticias.com\/index.php\/wp-json\/wp\/v2\/types\/post"}],"author":[{"embeddable":true,"href":"https:\/\/cdnoticias.com\/index.php\/wp-json\/wp\/v2\/users\/2"}],"replies":[{"embeddable":true,"href":"https:\/\/cdnoticias.com\/index.php\/wp-json\/wp\/v2\/comments?post=173017"}],"version-history":[{"count":0,"href":"https:\/\/cdnoticias.com\/index.php\/wp-json\/wp\/v2\/posts\/173017\/revisions"}],"wp:featuredmedia":[{"embeddable":true,"href":"https:\/\/cdnoticias.com\/index.php\/wp-json\/wp\/v2\/media\/132116"}],"wp:attachment":[{"href":"https:\/\/cdnoticias.com\/index.php\/wp-json\/wp\/v2\/media?parent=173017"}],"wp:term":[{"taxonomy":"category","embeddable":true,"href":"https:\/\/cdnoticias.com\/index.php\/wp-json\/wp\/v2\/categories?post=173017"},{"taxonomy":"post_tag","embeddable":true,"href":"https:\/\/cdnoticias.com\/index.php\/wp-json\/wp\/v2\/tags?post=173017"}],"curies":[{"name":"wp","href":"https:\/\/api.w.org\/{rel}","templated":true}]}}