{"id":172989,"date":"2025-06-04T08:30:52","date_gmt":"2025-06-04T11:30:52","guid":{"rendered":"https:\/\/cdnoticias.com\/?p=172989"},"modified":"2025-06-04T09:26:00","modified_gmt":"2025-06-04T12:26:00","slug":"comenzo-el-programa-de-difusion-y-concientizacion-en-donacion-de-organos-y-tejidos","status":"publish","type":"post","link":"https:\/\/cdnoticias.com\/index.php\/2025\/06\/04\/comenzo-el-programa-de-difusion-y-concientizacion-en-donacion-de-organos-y-tejidos\/","title":{"rendered":"Comenz\u00f3 el programa de difusi\u00f3n y concientizaci\u00f3n en Donaci\u00f3n de \u00d3rganos y Tejidos"},"content":{"rendered":"\n<p>La iniciativa consiste en charlas abordadas por el Dr. Diego Bassano (Coordinador Hospitalario de Trasplante), el Enfermero profesional Pablo Grunewald (Enfermero de APS) y se realizan en las sedes de las instituciones participantes o en lugar a designar.<\/p>\n\n\n\n<hr class=\"wp-block-separator aligncenter has-alpha-channel-opacity\"\/>\n\n\n\n<p>Comenz\u00f3 con \u00e9xito el <strong>programa de difusi\u00f3n y concientizaci\u00f3n en Donaci\u00f3n de \u00d3rganos y Tejidos<\/strong> a cargo de la Coordinaci\u00f3n hospitalaria de Procuraci\u00f3n y Trasplante, <strong>destinado a instituciones educativas de nivel secundario y terciario<\/strong> de la ciudad y <a href=\"https:\/\/cdnoticias.com\/index.php\/2025\/05\/30\/el-municipio-presento-un-programa-de-difusion-y-concientizacion-en-donacion-de-organos-y-tejidos\/\" target=\"_blank\" rel=\"noreferrer noopener\">que fue presentado la semana pasada<\/a>.<\/p>\n\n\n\n<p><\/p>\n\n\n\n<blockquote class=\"wp-block-quote is-layout-flow wp-block-quote-is-layout-flow\">\n<p>La iniciativa consiste en charlas abordadas por el Dr. Diego Bassano (Coordinador Hospitalario de Trasplante), el Enfermero profesional Pablo Grunewald (Enfermero de APS) y se realizan en las sedes de las instituciones participantes o en lugar a designar.<\/p>\n<\/blockquote>\n\n\n\n<figure class=\"wp-block-image aligncenter size-full\"><img data-recalc-dims=\"1\" loading=\"lazy\" decoding=\"async\" width=\"800\" height=\"466\" src=\"https:\/\/i0.wp.com\/cdnoticias.com\/wp-content\/uploads\/2025\/06\/donacion-de-organos-charlas1.png?resize=800%2C466&#038;ssl=1\" alt=\"\" class=\"wp-image-172993\" srcset=\"https:\/\/i0.wp.com\/cdnoticias.com\/wp-content\/uploads\/2025\/06\/donacion-de-organos-charlas1.png?w=878&amp;ssl=1 878w, https:\/\/i0.wp.com\/cdnoticias.com\/wp-content\/uploads\/2025\/06\/donacion-de-organos-charlas1.png?resize=300%2C175&amp;ssl=1 300w, https:\/\/i0.wp.com\/cdnoticias.com\/wp-content\/uploads\/2025\/06\/donacion-de-organos-charlas1.png?resize=768%2C447&amp;ssl=1 768w\" sizes=\"auto, (max-width: 800px) 100vw, 800px\" \/><\/figure>\n\n\n\n<p><\/p>\n\n\n\n<p>El programa dio inicio en la<strong> localidad de Sierras Bayas<\/strong> el pasado viernes 30 de mayo por la ma\u00f1ana, concretamente en el Instituto Privado Sierras Bayas, destinado a dicha comunidad educativa.&nbsp; Por la tarde, la segunda edici\u00f3n se llev\u00f3 a cabo en instalaciones del <strong>Centro Cultural Municipal \u201cSan Jos\u00e9\u201d,<\/strong> y estuvo destinada a <strong>estudiantes de las escuelas secundarias N\u00b0 8 y N\u00b0 20.<\/strong><\/p>\n\n\n\n<p><\/p>\n\n\n\n<p>La propuesta<strong> continuar\u00e1 durante todo el ciclo lectivo 2025<\/strong>. Se encuentra abierta la inscripci\u00f3n para instituciones interesadas en participar: podr\u00e1n anotarse v\u00eda e-mail&nbsp; a protejolavarria@gmail.com.<\/p>\n\n\n\n<p><\/p>\n","protected":false},"excerpt":{"rendered":"<p>La iniciativa consiste en charlas abordadas por el Dr. Diego Bassano (Coordinador Hospitalario de Trasplante), el Enfermero profesional Pablo Grunewald<\/p>\n","protected":false},"author":6,"featured_media":172994,"comment_status":"closed","ping_status":"closed","sticky":false,"template":"","format":"standard","meta":{"_jetpack_memberships_contains_paid_content":false,"footnotes":""},"categories":[5,1],"tags":[],"class_list":["post-172989","post","type-post","status-publish","format-standard","has-post-thumbnail","hentry","category-informacion-general","category-portada"],"jetpack_featured_media_url":"https:\/\/i0.wp.com\/cdnoticias.com\/wp-content\/uploads\/2025\/06\/donacion-de-organos-charlas.png?fit=885%2C513&ssl=1","jetpack_sharing_enabled":true,"_links":{"self":[{"href":"https:\/\/cdnoticias.com\/index.php\/wp-json\/wp\/v2\/posts\/172989","targetHints":{"allow":["GET"]}}],"collection":[{"href":"https:\/\/cdnoticias.com\/index.php\/wp-json\/wp\/v2\/posts"}],"about":[{"href":"https:\/\/cdnoticias.com\/index.php\/wp-json\/wp\/v2\/types\/post"}],"author":[{"embeddable":true,"href":"https:\/\/cdnoticias.com\/index.php\/wp-json\/wp\/v2\/users\/6"}],"replies":[{"embeddable":true,"href":"https:\/\/cdnoticias.com\/index.php\/wp-json\/wp\/v2\/comments?post=172989"}],"version-history":[{"count":0,"href":"https:\/\/cdnoticias.com\/index.php\/wp-json\/wp\/v2\/posts\/172989\/revisions"}],"wp:featuredmedia":[{"embeddable":true,"href":"https:\/\/cdnoticias.com\/index.php\/wp-json\/wp\/v2\/media\/172994"}],"wp:attachment":[{"href":"https:\/\/cdnoticias.com\/index.php\/wp-json\/wp\/v2\/media?parent=172989"}],"wp:term":[{"taxonomy":"category","embeddable":true,"href":"https:\/\/cdnoticias.com\/index.php\/wp-json\/wp\/v2\/categories?post=172989"},{"taxonomy":"post_tag","embeddable":true,"href":"https:\/\/cdnoticias.com\/index.php\/wp-json\/wp\/v2\/tags?post=172989"}],"curies":[{"name":"wp","href":"https:\/\/api.w.org\/{rel}","templated":true}]}}