{"id":172973,"date":"2025-06-02T17:03:12","date_gmt":"2025-06-02T20:03:12","guid":{"rendered":"https:\/\/cdnoticias.com\/?p=172973"},"modified":"2025-06-02T20:03:30","modified_gmt":"2025-06-02T23:03:30","slug":"marcha-a-10-anos-del-primer-grito-ni-una-menos","status":"publish","type":"post","link":"https:\/\/cdnoticias.com\/index.php\/2025\/06\/02\/marcha-a-10-anos-del-primer-grito-ni-una-menos\/","title":{"rendered":"Marcha a 10 a\u00f1os del primer grito \u00a1Ni una menos!"},"content":{"rendered":"\n<p>Ser\u00e1 este 3 de junio con concentraci\u00f3n en el Paseo Jes\u00fas Mend\u00eda a las 17:30 horas.&nbsp;<\/p>\n\n\n\n<hr class=\"wp-block-separator aligncenter has-alpha-channel-opacity\"\/>\n\n\n\n<p>Este<strong> martes 3 de junio se cumplen 10 a\u00f1os del primer grito de \u00a1Ni Una Menos! <\/strong>y habr\u00e1 <strong>marcha en la ciudad.<\/strong>\u00a0La convocatoria para la concentraci\u00f3n es en el <strong>Paseo Jes\u00fas Mend\u00eda<\/strong> a las 17:30 horas para dar comienzo a la marcha cerca de las <strong>18:00 horas.\u00a0<\/strong><\/p>\n\n\n\n<p><\/p>\n\n\n\n<blockquote class=\"wp-block-quote is-layout-flow wp-block-quote-is-layout-flow\">\n<p>\u201cUna d\u00e9cada de encontrarnos en las calles que son nuestro lugar de lucha, donde supimos tejer redes y construir colectivamente; donde supimos reconocernos y abrazarnos. Este 3 de junio volvemos a marchar contra las violencias machistas\u201d se\u00f1alaron desde Ni Una Menos Olavarr\u00eda.\u00a0<\/p>\n<\/blockquote>\n\n\n\n<p><\/p>\n\n\n\n<p><strong>Asimismo, agregaron consignas que se desarrollar\u00e1n este martes:\u00a0<\/strong><\/p>\n\n\n\n<ul class=\"wp-block-list\">\n<li>Porque nos siguen matando cada 30 horas. Hasta el mes de abril en Argentina ocurrieron 94 femicidios.<\/li>\n<\/ul>\n\n\n\n<ul class=\"wp-block-list\">\n<li>Porque el Gobierno Nacional niega la violencia de g\u00e9nero y desfinancia pol\u00edticas p\u00fablicas para prevenirla y erradicarla. En las \u00faltimas semanas eliminaron 13 programas.<\/li>\n<\/ul>\n\n\n\n<ul class=\"wp-block-list\">\n<li>Porque el Gobierno Nacional ha desfinanciado pol\u00edticas de Salud Sexual y Reproductiva.<\/li>\n<\/ul>\n\n\n\n<ul class=\"wp-block-list\">\n<li>Marchamos contra la crueldad. La que busca desaparecer las minor\u00edas m\u00e1s vulneradas.<\/li>\n<\/ul>\n\n\n\n<ul class=\"wp-block-list\">\n<li>Marchamos contra los discursos de odio, que violentan nuestros cuerpos y nuestra salud mental.<\/li>\n<\/ul>\n\n\n\n<ul class=\"wp-block-list\">\n<li>Abrazamos a nuestrxs jubiladxs y marchamos porque repudiamos que sean reprimidxs al reclamar jubilaciones dignas. !Ni una jubilada menos! <\/li>\n<\/ul>\n\n\n\n<ul class=\"wp-block-list\">\n<li>Porque reafirmamos cada uno de los derechos conquistados.<\/li>\n<\/ul>\n\n\n\n<p><\/p>\n\n\n\n<p>Por \u00faltimo, cerraron: <strong>\u201cEl #3J llenemos las calles con memoria, con fuerza, contra la crueldad y por el derecho a tener una vida libre de violencias\u201d.\u00a0<\/strong><\/p>\n\n\n\n<p><\/p>\n","protected":false},"excerpt":{"rendered":"<p>Ser\u00e1 este 3 de junio con concentraci\u00f3n en el Paseo Jes\u00fas Mend\u00eda a las 17:30 horas.&nbsp; Este martes 3 de<\/p>\n","protected":false},"author":6,"featured_media":56419,"comment_status":"closed","ping_status":"closed","sticky":false,"template":"","format":"standard","meta":{"_jetpack_memberships_contains_paid_content":false,"footnotes":""},"categories":[3,1],"tags":[],"class_list":["post-172973","post","type-post","status-publish","format-standard","has-post-thumbnail","hentry","category-genero","category-portada"],"jetpack_featured_media_url":"https:\/\/i0.wp.com\/cdnoticias.com\/wp-content\/uploads\/2022\/06\/niunamenos9.jpg?fit=1280%2C720&ssl=1","jetpack_sharing_enabled":true,"_links":{"self":[{"href":"https:\/\/cdnoticias.com\/index.php\/wp-json\/wp\/v2\/posts\/172973","targetHints":{"allow":["GET"]}}],"collection":[{"href":"https:\/\/cdnoticias.com\/index.php\/wp-json\/wp\/v2\/posts"}],"about":[{"href":"https:\/\/cdnoticias.com\/index.php\/wp-json\/wp\/v2\/types\/post"}],"author":[{"embeddable":true,"href":"https:\/\/cdnoticias.com\/index.php\/wp-json\/wp\/v2\/users\/6"}],"replies":[{"embeddable":true,"href":"https:\/\/cdnoticias.com\/index.php\/wp-json\/wp\/v2\/comments?post=172973"}],"version-history":[{"count":0,"href":"https:\/\/cdnoticias.com\/index.php\/wp-json\/wp\/v2\/posts\/172973\/revisions"}],"wp:featuredmedia":[{"embeddable":true,"href":"https:\/\/cdnoticias.com\/index.php\/wp-json\/wp\/v2\/media\/56419"}],"wp:attachment":[{"href":"https:\/\/cdnoticias.com\/index.php\/wp-json\/wp\/v2\/media?parent=172973"}],"wp:term":[{"taxonomy":"category","embeddable":true,"href":"https:\/\/cdnoticias.com\/index.php\/wp-json\/wp\/v2\/categories?post=172973"},{"taxonomy":"post_tag","embeddable":true,"href":"https:\/\/cdnoticias.com\/index.php\/wp-json\/wp\/v2\/tags?post=172973"}],"curies":[{"name":"wp","href":"https:\/\/api.w.org\/{rel}","templated":true}]}}