{"id":172971,"date":"2025-06-02T17:56:21","date_gmt":"2025-06-02T20:56:21","guid":{"rendered":"https:\/\/cdnoticias.com\/?p=172971"},"modified":"2025-06-02T20:09:30","modified_gmt":"2025-06-02T23:09:30","slug":"la-ucr-manifesto-su-preocupacion-ante-las-citaciones-de-andis-a-pensionados-por-invalidez","status":"publish","type":"post","link":"https:\/\/cdnoticias.com\/index.php\/2025\/06\/02\/la-ucr-manifesto-su-preocupacion-ante-las-citaciones-de-andis-a-pensionados-por-invalidez\/","title":{"rendered":"La UCR manifest\u00f3 su preocupaci\u00f3n ante las citaciones de ANDIS a pensionados por invalidez"},"content":{"rendered":"\n<p>A trav\u00e9s de un Proyecto de Comunicaci\u00f3n, solicit\u00f3 al organismo nacional que brinde de manera urgente explicaciones sobre las convocatorias emitidas.&nbsp;<\/p>\n\n\n\n<hr class=\"wp-block-separator aligncenter has-alpha-channel-opacity\"\/>\n\n\n\n<p>El bloque de concejales de la <strong>Uni\u00f3n C\u00edvica Radical de Olavarr\u00eda, <\/strong>compuesto por<strong> Francisco Gonz\u00e1lez y Sebasti\u00e1n Matrella<\/strong>, manifest\u00f3 su preocupaci\u00f3n ante las citaciones emitidas por la Agencia Nacional de Discapacidad (ANDIS) a <strong>beneficiarios de pensiones no contributivas <\/strong>por invalidez en Olavarr\u00eda.\u00a0<\/p>\n\n\n\n<p><\/p>\n\n\n\n<blockquote class=\"wp-block-quote is-layout-flow wp-block-quote-is-layout-flow\">\n<p>A trav\u00e9s de un Proyecto de Comunicaci\u00f3n, presentado esta ma\u00f1ana en el HCD, solicit\u00f3 al organismo nacional que brinde de manera urgente explicaciones sobre las convocatorias emitidas, informe si se trata de un procedimiento oficial y habilite canales de atenci\u00f3n claros, accesibles y presenciales para los beneficiarios en la ciudad.<\/p>\n<\/blockquote>\n\n\n\n<p><\/p>\n\n\n\n<p>Al respecto, el edil Gonz\u00e1lez expres\u00f3 que \u201c<strong><em>vecinos nos han comentado esta situaci\u00f3n que est\u00e1n atravesando y la verdad nos preocupa mucho el destrato que est\u00e1n sufriendo. Es un momento sumamente estresante, donde nadie da respuestas\u201d.<\/em><\/strong><\/p>\n\n\n\n<p><\/p>\n\n\n\n<p><strong>\u201cOtra vez el Gobierno Nacional muestra un profundo desprecio hacia las personas con discapacidad. Sabemos que va a ser dif\u00edcil obtener respuestas, pero esperamos una pronta aclaraci\u00f3n y una pronta definici\u00f3n de la situaci\u00f3n que est\u00e1n viviendo un mont\u00f3n de personas en nuestra ciudad\u201d<\/strong>, cerr\u00f3.<\/p>\n\n\n\n<p><\/p>\n","protected":false},"excerpt":{"rendered":"<p>A trav\u00e9s de un Proyecto de Comunicaci\u00f3n, solicit\u00f3 al organismo nacional que brinde de manera urgente explicaciones sobre las convocatorias<\/p>\n","protected":false},"author":6,"featured_media":170900,"comment_status":"closed","ping_status":"closed","sticky":false,"template":"","format":"standard","meta":{"_jetpack_memberships_contains_paid_content":false,"footnotes":""},"categories":[4,1],"tags":[],"class_list":["post-172971","post","type-post","status-publish","format-standard","has-post-thumbnail","hentry","category-politica","category-portada"],"jetpack_featured_media_url":"https:\/\/i0.wp.com\/cdnoticias.com\/wp-content\/uploads\/2025\/05\/vergel-gonzalez-matrella.png?fit=720%2C394&ssl=1","jetpack_sharing_enabled":true,"_links":{"self":[{"href":"https:\/\/cdnoticias.com\/index.php\/wp-json\/wp\/v2\/posts\/172971","targetHints":{"allow":["GET"]}}],"collection":[{"href":"https:\/\/cdnoticias.com\/index.php\/wp-json\/wp\/v2\/posts"}],"about":[{"href":"https:\/\/cdnoticias.com\/index.php\/wp-json\/wp\/v2\/types\/post"}],"author":[{"embeddable":true,"href":"https:\/\/cdnoticias.com\/index.php\/wp-json\/wp\/v2\/users\/6"}],"replies":[{"embeddable":true,"href":"https:\/\/cdnoticias.com\/index.php\/wp-json\/wp\/v2\/comments?post=172971"}],"version-history":[{"count":0,"href":"https:\/\/cdnoticias.com\/index.php\/wp-json\/wp\/v2\/posts\/172971\/revisions"}],"wp:featuredmedia":[{"embeddable":true,"href":"https:\/\/cdnoticias.com\/index.php\/wp-json\/wp\/v2\/media\/170900"}],"wp:attachment":[{"href":"https:\/\/cdnoticias.com\/index.php\/wp-json\/wp\/v2\/media?parent=172971"}],"wp:term":[{"taxonomy":"category","embeddable":true,"href":"https:\/\/cdnoticias.com\/index.php\/wp-json\/wp\/v2\/categories?post=172971"},{"taxonomy":"post_tag","embeddable":true,"href":"https:\/\/cdnoticias.com\/index.php\/wp-json\/wp\/v2\/tags?post=172971"}],"curies":[{"name":"wp","href":"https:\/\/api.w.org\/{rel}","templated":true}]}}